{"id":10029,"date":"2025-07-06T23:51:03","date_gmt":"2025-07-06T21:51:03","guid":{"rendered":"https:\/\/www.saint-joseph-tartas.com\/?p=10029"},"modified":"2025-07-06T23:55:10","modified_gmt":"2025-07-06T21:55:10","slug":"retour-sur-la-fete-de-la-musique","status":"publish","type":"post","link":"https:\/\/www.saint-joseph-tartas.com\/?p=10029","title":{"rendered":"Retour sur la f\u00eate de la musique."},"content":{"rendered":"\t\t<div data-elementor-type=\"wp-post\" data-elementor-id=\"10029\" class=\"elementor elementor-10029\" data-elementor-settings=\"[]\">\n\t\t\t<div class=\"elementor-inner\">\n\t\t\t\t<div class=\"elementor-section-wrap\">\n\t\t\t\t\t\t\t<section class=\"elementor-element elementor-element-f5a282e elementor-section-boxed elementor-section-height-default elementor-section-height-default elementor-section elementor-top-section\" data-id=\"f5a282e\" data-element_type=\"section\">\n\t\t\t\t\t\t<div class=\"elementor-container elementor-column-gap-default\">\n\t\t\t\t<div class=\"elementor-row\">\n\t\t\t\t<div class=\"elementor-element elementor-element-56cd9f0 elementor-column elementor-col-50 elementor-top-column\" data-id=\"56cd9f0\" data-element_type=\"column\">\n\t\t\t<div class=\"elementor-column-wrap  elementor-element-populated\">\n\t\t\t\t\t<div class=\"elementor-widget-wrap\">\n\t\t\t\t<div class=\"elementor-element elementor-element-648edc9 elementor-widget elementor-widget-text-editor\" data-id=\"648edc9\" data-element_type=\"widget\" data-widget_type=\"text-editor.default\">\n\t\t\t\t<div class=\"elementor-widget-container\">\n\t\t\t\t\t<div class=\"elementor-text-editor elementor-clearfix\"><p><span style=\"font-family: Arial, sans-serif; color: #333399;\"><span style=\"font-size: small;\">Vendredi 20 juin, <strong>dans le cadre du projet gascon, les coll\u00e9giens ont offert un moment de partage musical aux c\u00f4t\u00e9s des Cantaires d&rsquo;Aire-sur-l&rsquo;Adour dirig\u00e9s par M. Nadeau<\/strong> ; chef de coeur et professeur de musique. Puis du duo Otxo, deux incroyables artistes qui font vibrer la culture traditionnelle. <\/span><\/span><\/p><p><span style=\"font-family: Arial, sans-serif;\"><span style=\"font-size: small;\"><span style=\"color: #333399;\">Une belle exp\u00e9rience musicale, ouverte au public, entre chants polyphoniques, langue gasconne et \u00e9motions partag\u00e9es.<\/span> <\/span><\/span><\/p><\/div>\n\t\t\t\t<\/div>\n\t\t\t\t<\/div>\n\t\t\t\t\t\t<\/div>\n\t\t\t<\/div>\n\t\t<\/div>\n\t\t\t\t<div class=\"elementor-element elementor-element-ca5deb7 elementor-column elementor-col-50 elementor-top-column\" data-id=\"ca5deb7\" data-element_type=\"column\">\n\t\t\t<div class=\"elementor-column-wrap  elementor-element-populated\">\n\t\t\t\t\t<div class=\"elementor-widget-wrap\">\n\t\t\t\t<div class=\"elementor-element elementor-element-117bd22 elementor-arrows-position-inside elementor-widget elementor-widget-image-carousel\" data-id=\"117bd22\" data-element_type=\"widget\" data-settings=\"{&quot;slides_to_show&quot;:&quot;1&quot;,&quot;navigation&quot;:&quot;arrows&quot;,&quot;pause_on_hover&quot;:&quot;yes&quot;,&quot;autoplay&quot;:&quot;yes&quot;,&quot;autoplay_speed&quot;:5000,&quot;infinite&quot;:&quot;yes&quot;,&quot;effect&quot;:&quot;slide&quot;,&quot;speed&quot;:500,&quot;direction&quot;:&quot;ltr&quot;}\" data-widget_type=\"image-carousel.default\">\n\t\t\t\t<div class=\"elementor-widget-container\">\n\t\t\t\t\t<div class=\"elementor-image-carousel-wrapper swiper-container\" dir=\"ltr\">\n\t\t\t<div class=\"elementor-image-carousel swiper-wrapper\">\n\t\t\t\t<div class=\"swiper-slide\"><a href=\"https:\/\/www.saint-joseph-tartas.com\/wp-content\/uploads\/2025\/07\/IMG_20250620_135732.jpg\" data-elementor-open-lightbox=\"default\" data-elementor-lightbox-slideshow=\"117bd22\" data-elementor-lightbox-index=\"0\"><figure class=\"swiper-slide-inner\"><img decoding=\"async\" class=\"swiper-slide-image\" src=\"https:\/\/www.saint-joseph-tartas.com\/wp-content\/uploads\/2025\/07\/IMG_20250620_135732-768x576.jpg\" alt=\"IMG_20250620_135732\" \/><\/figure><\/a><\/div><div class=\"swiper-slide\"><a href=\"https:\/\/www.saint-joseph-tartas.com\/wp-content\/uploads\/2025\/07\/IMG_20250620_135655.jpg\" data-elementor-open-lightbox=\"default\" data-elementor-lightbox-slideshow=\"117bd22\" data-elementor-lightbox-index=\"1\"><figure class=\"swiper-slide-inner\"><img decoding=\"async\" class=\"swiper-slide-image\" src=\"https:\/\/www.saint-joseph-tartas.com\/wp-content\/uploads\/2025\/07\/IMG_20250620_135655.jpg\" alt=\"IMG_20250620_135655\" \/><\/figure><\/a><\/div><div class=\"swiper-slide\"><a href=\"https:\/\/www.saint-joseph-tartas.com\/wp-content\/uploads\/2025\/07\/IMG-20250621-WA0005.jpg\" data-elementor-open-lightbox=\"default\" data-elementor-lightbox-slideshow=\"117bd22\" data-elementor-lightbox-index=\"2\"><figure class=\"swiper-slide-inner\"><img decoding=\"async\" class=\"swiper-slide-image\" src=\"https:\/\/www.saint-joseph-tartas.com\/wp-content\/uploads\/2025\/07\/IMG-20250621-WA0005-768x576.jpg\" alt=\"IMG-20250621-WA0005\" \/><\/figure><\/a><\/div><div class=\"swiper-slide\"><a href=\"https:\/\/www.saint-joseph-tartas.com\/wp-content\/uploads\/2025\/07\/IMG_20250620_144651.jpg\" data-elementor-open-lightbox=\"default\" data-elementor-lightbox-slideshow=\"117bd22\" data-elementor-lightbox-index=\"3\"><figure class=\"swiper-slide-inner\"><img decoding=\"async\" class=\"swiper-slide-image\" src=\"https:\/\/www.saint-joseph-tartas.com\/wp-content\/uploads\/2025\/07\/IMG_20250620_144651-768x576.jpg\" alt=\"IMG_20250620_144651\" \/><\/figure><\/a><\/div><div class=\"swiper-slide\"><a href=\"https:\/\/www.saint-joseph-tartas.com\/wp-content\/uploads\/2025\/07\/IMG_20250620_143934.jpg\" data-elementor-open-lightbox=\"default\" data-elementor-lightbox-slideshow=\"117bd22\" data-elementor-lightbox-index=\"4\"><figure class=\"swiper-slide-inner\"><img decoding=\"async\" class=\"swiper-slide-image\" src=\"https:\/\/www.saint-joseph-tartas.com\/wp-content\/uploads\/2025\/07\/IMG_20250620_143934-768x576.jpg\" alt=\"IMG_20250620_143934\" \/><\/figure><\/a><\/div><div class=\"swiper-slide\"><a href=\"https:\/\/www.saint-joseph-tartas.com\/wp-content\/uploads\/2025\/07\/IMG_20250620_143909.jpg\" data-elementor-open-lightbox=\"default\" data-elementor-lightbox-slideshow=\"117bd22\" data-elementor-lightbox-index=\"5\"><figure class=\"swiper-slide-inner\"><img decoding=\"async\" class=\"swiper-slide-image\" src=\"https:\/\/www.saint-joseph-tartas.com\/wp-content\/uploads\/2025\/07\/IMG_20250620_143909-768x576.jpg\" alt=\"IMG_20250620_143909\" \/><\/figure><\/a><\/div><div class=\"swiper-slide\"><a href=\"https:\/\/www.saint-joseph-tartas.com\/wp-content\/uploads\/2025\/07\/IMG_20250620_143215.jpg\" data-elementor-open-lightbox=\"default\" data-elementor-lightbox-slideshow=\"117bd22\" data-elementor-lightbox-index=\"6\"><figure class=\"swiper-slide-inner\"><img decoding=\"async\" class=\"swiper-slide-image\" src=\"https:\/\/www.saint-joseph-tartas.com\/wp-content\/uploads\/2025\/07\/IMG_20250620_143215-768x576.jpg\" alt=\"IMG_20250620_143215\" \/><\/figure><\/a><\/div><div class=\"swiper-slide\"><a href=\"https:\/\/www.saint-joseph-tartas.com\/wp-content\/uploads\/2025\/07\/IMG_20250620_142443.jpg\" data-elementor-open-lightbox=\"default\" data-elementor-lightbox-slideshow=\"117bd22\" data-elementor-lightbox-index=\"7\"><figure class=\"swiper-slide-inner\"><img decoding=\"async\" class=\"swiper-slide-image\" src=\"https:\/\/www.saint-joseph-tartas.com\/wp-content\/uploads\/2025\/07\/IMG_20250620_142443.jpg\" alt=\"IMG_20250620_142443\" \/><\/figure><\/a><\/div><div class=\"swiper-slide\"><a href=\"https:\/\/www.saint-joseph-tartas.com\/wp-content\/uploads\/2025\/07\/IMG_20250620_140414.jpg\" data-elementor-open-lightbox=\"default\" data-elementor-lightbox-slideshow=\"117bd22\" data-elementor-lightbox-index=\"8\"><figure class=\"swiper-slide-inner\"><img decoding=\"async\" class=\"swiper-slide-image\" src=\"https:\/\/www.saint-joseph-tartas.com\/wp-content\/uploads\/2025\/07\/IMG_20250620_140414-768x576.jpg\" alt=\"IMG_20250620_140414\" \/><\/figure><\/a><\/div><div class=\"swiper-slide\"><a href=\"https:\/\/www.saint-joseph-tartas.com\/wp-content\/uploads\/2025\/07\/IMG_20250620_141547.jpg\" data-elementor-open-lightbox=\"default\" data-elementor-lightbox-slideshow=\"117bd22\" data-elementor-lightbox-index=\"9\"><figure class=\"swiper-slide-inner\"><img decoding=\"async\" class=\"swiper-slide-image\" src=\"https:\/\/www.saint-joseph-tartas.com\/wp-content\/uploads\/2025\/07\/IMG_20250620_141547-768x576.jpg\" alt=\"IMG_20250620_141547\" \/><\/figure><\/a><\/div><div class=\"swiper-slide\"><a href=\"https:\/\/www.saint-joseph-tartas.com\/wp-content\/uploads\/2025\/07\/IMG_20250620_151554.jpg\" data-elementor-open-lightbox=\"default\" data-elementor-lightbox-slideshow=\"117bd22\" data-elementor-lightbox-index=\"10\"><figure class=\"swiper-slide-inner\"><img decoding=\"async\" class=\"swiper-slide-image\" src=\"https:\/\/www.saint-joseph-tartas.com\/wp-content\/uploads\/2025\/07\/IMG_20250620_151554.jpg\" alt=\"IMG_20250620_151554\" \/><\/figure><\/a><\/div><div class=\"swiper-slide\"><a href=\"https:\/\/www.saint-joseph-tartas.com\/wp-content\/uploads\/2025\/07\/IMG_20250620_155149.jpg\" data-elementor-open-lightbox=\"default\" data-elementor-lightbox-slideshow=\"117bd22\" data-elementor-lightbox-index=\"11\"><figure class=\"swiper-slide-inner\"><img decoding=\"async\" class=\"swiper-slide-image\" src=\"https:\/\/www.saint-joseph-tartas.com\/wp-content\/uploads\/2025\/07\/IMG_20250620_155149-768x576.jpg\" alt=\"IMG_20250620_155149\" \/><\/figure><\/a><\/div>\t\t\t<\/div>\n\t\t\t\t\t\t\t\t\t\t\t\t\t\t\t\t<div class=\"elementor-swiper-button elementor-swiper-button-prev\">\n\t\t\t\t\t\t<i class=\"eicon-chevron-left\" aria-hidden=\"true\"><\/i>\n\t\t\t\t\t\t<span class=\"elementor-screen-only\">Pr\u00e9c\u00e9dent<\/span>\n\t\t\t\t\t<\/div>\n\t\t\t\t\t<div class=\"elementor-swiper-button elementor-swiper-button-next\">\n\t\t\t\t\t\t<i class=\"eicon-chevron-right\" aria-hidden=\"true\"><\/i>\n\t\t\t\t\t\t<span class=\"elementor-screen-only\">Suivant<\/span>\n\t\t\t\t\t<\/div>\n\t\t\t\t\t\t\t\t\t<\/div>\n\t\t\t\t<\/div>\n\t\t\t\t<\/div>\n\t\t\t\t\t\t<\/div>\n\t\t\t<\/div>\n\t\t<\/div>\n\t\t\t\t\t\t<\/div>\n\t\t\t<\/div>\n\t\t<\/section>\n\t\t\t\t\t\t<\/div>\n\t\t\t<\/div>\n\t\t<\/div>\n\t\t","protected":false},"excerpt":{"rendered":"<p>Vendredi 20 juin, dans le cadre du projet gascon, les coll\u00e9giens ont offert un moment de partage musical aux c\u00f4t\u00e9s des Cantaires d&rsquo;Aire-sur-l&rsquo;Adour dirig\u00e9s par M. Nadeau ; chef de <a class=\"more-link\" href=\"https:\/\/www.saint-joseph-tartas.com\/?p=10029\">Lire la suite<\/a><\/p>\n","protected":false},"author":3,"featured_media":10027,"comment_status":"closed","ping_status":"closed","sticky":false,"template":"","format":"standard","meta":{"footnotes":""},"categories":[4],"tags":[],"class_list":["post-10029","post","type-post","status-publish","format-standard","has-post-thumbnail","hentry","category-college"],"_links":{"self":[{"href":"https:\/\/www.saint-joseph-tartas.com\/index.php?rest_route=\/wp\/v2\/posts\/10029","targetHints":{"allow":["GET"]}}],"collection":[{"href":"https:\/\/www.saint-joseph-tartas.com\/index.php?rest_route=\/wp\/v2\/posts"}],"about":[{"href":"https:\/\/www.saint-joseph-tartas.com\/index.php?rest_route=\/wp\/v2\/types\/post"}],"author":[{"embeddable":true,"href":"https:\/\/www.saint-joseph-tartas.com\/index.php?rest_route=\/wp\/v2\/users\/3"}],"replies":[{"embeddable":true,"href":"https:\/\/www.saint-joseph-tartas.com\/index.php?rest_route=%2Fwp%2Fv2%2Fcomments&post=10029"}],"version-history":[{"count":4,"href":"https:\/\/www.saint-joseph-tartas.com\/index.php?rest_route=\/wp\/v2\/posts\/10029\/revisions"}],"predecessor-version":[{"id":10033,"href":"https:\/\/www.saint-joseph-tartas.com\/index.php?rest_route=\/wp\/v2\/posts\/10029\/revisions\/10033"}],"wp:featuredmedia":[{"embeddable":true,"href":"https:\/\/www.saint-joseph-tartas.com\/index.php?rest_route=\/wp\/v2\/media\/10027"}],"wp:attachment":[{"href":"https:\/\/www.saint-joseph-tartas.com\/index.php?rest_route=%2Fwp%2Fv2%2Fmedia&parent=10029"}],"wp:term":[{"taxonomy":"category","embeddable":true,"href":"https:\/\/www.saint-joseph-tartas.com\/index.php?rest_route=%2Fwp%2Fv2%2Fcategories&post=10029"},{"taxonomy":"post_tag","embeddable":true,"href":"https:\/\/www.saint-joseph-tartas.com\/index.php?rest_route=%2Fwp%2Fv2%2Ftags&post=10029"}],"curies":[{"name":"wp","href":"https:\/\/api.w.org\/{rel}","templated":true}]}}