{"id":10157,"date":"2025-10-20T15:43:17","date_gmt":"2025-10-20T13:43:17","guid":{"rendered":"https:\/\/www.saint-joseph-tartas.com\/?p=10157"},"modified":"2025-10-20T15:50:03","modified_gmt":"2025-10-20T13:50:03","slug":"journee-dintegration-des-6-a-montfort","status":"publish","type":"post","link":"https:\/\/www.saint-joseph-tartas.com\/?p=10157","title":{"rendered":"Journ\u00e9e d&rsquo;int\u00e9gration des 6\u00b0 \u00e0 Montfort."},"content":{"rendered":"<p><span style=\"font-family: Arial, sans-serif;\"><span style=\"font-size: medium;\">Vendredi 5 septembre :<strong> journ\u00e9e d&rsquo;int\u00e9gration des 6\u00b0 \u00e0 Montfort.<\/strong> Matin, visite du <strong>Mus\u00e9e de la Chalosse <\/strong>: d\u00e9couverte guid\u00e9e d&rsquo;un domaine agricole et viticole typique du XIXe si\u00e8cle. <\/span><\/span><\/p>\n<p><span style=\"font-family: Arial, sans-serif;\"><span style=\"font-size: medium;\">Les \u00e9l\u00e8ves ont d\u00e9couvert la maison du ma\u00eetre et celle du m\u00e9tayer, les vignes, le chai et son pressoir, le four \u00e0 pain, les deux b\u0153ufs de Chalosse et les deux porcs gascons. <\/span><\/span><\/p>\n<p><span style=\"font-family: Arial, sans-serif;\"><span style=\"font-size: medium;\">Ils ont particip\u00e9 joyeusement \u00e0 un atelier de cuisine et ont d\u00e9gust\u00e9 leurs \u00ab\u00a0coques\u00a0\u00bb lors du pique-nique. <strong>Apr\u00e8s-midi sportif \u00e0 la d\u00e9couverte du beau parcours Terra Aventura.<\/strong><\/span><\/span><\/p>\n\n\n<figure class=\"wp-block-gallery has-nested-images columns-default is-cropped wp-block-gallery-1 is-layout-flex wp-block-gallery-is-layout-flex\">\n<figure class=\"wp-block-image size-large\"><img loading=\"lazy\" decoding=\"async\" width=\"720\" height=\"960\" data-id=\"10153\" src=\"https:\/\/www.saint-joseph-tartas.com\/wp-content\/uploads\/2025\/10\/IMG-20251017-WA0003.jpg\" alt=\"\" class=\"wp-image-10153\" srcset=\"https:\/\/www.saint-joseph-tartas.com\/wp-content\/uploads\/2025\/10\/IMG-20251017-WA0003.jpg 720w, https:\/\/www.saint-joseph-tartas.com\/wp-content\/uploads\/2025\/10\/IMG-20251017-WA0003-225x300.jpg 225w\" sizes=\"auto, (max-width: 720px) 100vw, 720px\" \/><\/figure>\n\n\n\n<figure class=\"wp-block-image size-large\"><img loading=\"lazy\" decoding=\"async\" width=\"720\" height=\"960\" data-id=\"10154\" src=\"https:\/\/www.saint-joseph-tartas.com\/wp-content\/uploads\/2025\/10\/IMG-20251017-WA0004.jpg\" alt=\"\" class=\"wp-image-10154\" srcset=\"https:\/\/www.saint-joseph-tartas.com\/wp-content\/uploads\/2025\/10\/IMG-20251017-WA0004.jpg 720w, https:\/\/www.saint-joseph-tartas.com\/wp-content\/uploads\/2025\/10\/IMG-20251017-WA0004-225x300.jpg 225w\" sizes=\"auto, (max-width: 720px) 100vw, 720px\" \/><\/figure>\n\n\n\n<figure class=\"wp-block-image size-large\"><img loading=\"lazy\" decoding=\"async\" width=\"720\" height=\"960\" data-id=\"10152\" src=\"https:\/\/www.saint-joseph-tartas.com\/wp-content\/uploads\/2025\/10\/IMG-20251017-WA0002.jpg\" alt=\"\" class=\"wp-image-10152\" srcset=\"https:\/\/www.saint-joseph-tartas.com\/wp-content\/uploads\/2025\/10\/IMG-20251017-WA0002.jpg 720w, https:\/\/www.saint-joseph-tartas.com\/wp-content\/uploads\/2025\/10\/IMG-20251017-WA0002-225x300.jpg 225w\" sizes=\"auto, (max-width: 720px) 100vw, 720px\" \/><\/figure>\n\n\n\n<figure class=\"wp-block-image size-large\"><img loading=\"lazy\" decoding=\"async\" width=\"576\" height=\"1024\" data-id=\"10149\" src=\"https:\/\/www.saint-joseph-tartas.com\/wp-content\/uploads\/2025\/10\/IMG-20250907-WA0008-576x1024.jpg\" alt=\"\" class=\"wp-image-10149\" srcset=\"https:\/\/www.saint-joseph-tartas.com\/wp-content\/uploads\/2025\/10\/IMG-20250907-WA0008-576x1024.jpg 576w, https:\/\/www.saint-joseph-tartas.com\/wp-content\/uploads\/2025\/10\/IMG-20250907-WA0008-169x300.jpg 169w, https:\/\/www.saint-joseph-tartas.com\/wp-content\/uploads\/2025\/10\/IMG-20250907-WA0008-768x1365.jpg 768w, https:\/\/www.saint-joseph-tartas.com\/wp-content\/uploads\/2025\/10\/IMG-20250907-WA0008-864x1536.jpg 864w, https:\/\/www.saint-joseph-tartas.com\/wp-content\/uploads\/2025\/10\/IMG-20250907-WA0008.jpg 900w\" sizes=\"auto, (max-width: 576px) 100vw, 576px\" \/><\/figure>\n\n\n\n<figure class=\"wp-block-image size-large\"><img loading=\"lazy\" decoding=\"async\" width=\"1024\" height=\"576\" data-id=\"10148\" src=\"https:\/\/www.saint-joseph-tartas.com\/wp-content\/uploads\/2025\/10\/IMG-20250907-WA0007-1024x576.jpg\" alt=\"\" class=\"wp-image-10148\" srcset=\"https:\/\/www.saint-joseph-tartas.com\/wp-content\/uploads\/2025\/10\/IMG-20250907-WA0007-1024x576.jpg 1024w, https:\/\/www.saint-joseph-tartas.com\/wp-content\/uploads\/2025\/10\/IMG-20250907-WA0007-300x169.jpg 300w, https:\/\/www.saint-joseph-tartas.com\/wp-content\/uploads\/2025\/10\/IMG-20250907-WA0007-768x432.jpg 768w, https:\/\/www.saint-joseph-tartas.com\/wp-content\/uploads\/2025\/10\/IMG-20250907-WA0007-1536x864.jpg 1536w, https:\/\/www.saint-joseph-tartas.com\/wp-content\/uploads\/2025\/10\/IMG-20250907-WA0007.jpg 1600w\" sizes=\"auto, (max-width: 1024px) 100vw, 1024px\" \/><\/figure>\n\n\n\n<figure class=\"wp-block-image size-large\"><img loading=\"lazy\" decoding=\"async\" width=\"576\" height=\"1024\" data-id=\"10147\" src=\"https:\/\/www.saint-joseph-tartas.com\/wp-content\/uploads\/2025\/10\/IMG-20250907-WA0005-576x1024.jpg\" alt=\"\" class=\"wp-image-10147\" srcset=\"https:\/\/www.saint-joseph-tartas.com\/wp-content\/uploads\/2025\/10\/IMG-20250907-WA0005-576x1024.jpg 576w, https:\/\/www.saint-joseph-tartas.com\/wp-content\/uploads\/2025\/10\/IMG-20250907-WA0005-169x300.jpg 169w, https:\/\/www.saint-joseph-tartas.com\/wp-content\/uploads\/2025\/10\/IMG-20250907-WA0005-768x1365.jpg 768w, https:\/\/www.saint-joseph-tartas.com\/wp-content\/uploads\/2025\/10\/IMG-20250907-WA0005-864x1536.jpg 864w, https:\/\/www.saint-joseph-tartas.com\/wp-content\/uploads\/2025\/10\/IMG-20250907-WA0005.jpg 900w\" sizes=\"auto, (max-width: 576px) 100vw, 576px\" \/><\/figure>\n\n\n\n<figure class=\"wp-block-image size-large\"><img loading=\"lazy\" decoding=\"async\" width=\"720\" height=\"960\" data-id=\"10150\" src=\"https:\/\/www.saint-joseph-tartas.com\/wp-content\/uploads\/2025\/10\/IMG-20251017-WA0000.jpg\" alt=\"\" class=\"wp-image-10150\" srcset=\"https:\/\/www.saint-joseph-tartas.com\/wp-content\/uploads\/2025\/10\/IMG-20251017-WA0000.jpg 720w, https:\/\/www.saint-joseph-tartas.com\/wp-content\/uploads\/2025\/10\/IMG-20251017-WA0000-225x300.jpg 225w\" sizes=\"auto, (max-width: 720px) 100vw, 720px\" \/><\/figure>\n<\/figure>\n","protected":false},"excerpt":{"rendered":"<p>Vendredi 5 septembre : journ\u00e9e d&rsquo;int\u00e9gration des 6\u00b0 \u00e0 Montfort. Matin, visite du Mus\u00e9e de la Chalosse : d\u00e9couverte guid\u00e9e d&rsquo;un domaine agricole et viticole typique du XIXe si\u00e8cle. Les <a class=\"more-link\" href=\"https:\/\/www.saint-joseph-tartas.com\/?p=10157\">Lire la suite<\/a><\/p>\n","protected":false},"author":3,"featured_media":10156,"comment_status":"closed","ping_status":"closed","sticky":false,"template":"","format":"standard","meta":{"footnotes":""},"categories":[4],"tags":[],"class_list":["post-10157","post","type-post","status-publish","format-standard","has-post-thumbnail","hentry","category-college"],"_links":{"self":[{"href":"https:\/\/www.saint-joseph-tartas.com\/index.php?rest_route=\/wp\/v2\/posts\/10157","targetHints":{"allow":["GET"]}}],"collection":[{"href":"https:\/\/www.saint-joseph-tartas.com\/index.php?rest_route=\/wp\/v2\/posts"}],"about":[{"href":"https:\/\/www.saint-joseph-tartas.com\/index.php?rest_route=\/wp\/v2\/types\/post"}],"author":[{"embeddable":true,"href":"https:\/\/www.saint-joseph-tartas.com\/index.php?rest_route=\/wp\/v2\/users\/3"}],"replies":[{"embeddable":true,"href":"https:\/\/www.saint-joseph-tartas.com\/index.php?rest_route=%2Fwp%2Fv2%2Fcomments&post=10157"}],"version-history":[{"count":2,"href":"https:\/\/www.saint-joseph-tartas.com\/index.php?rest_route=\/wp\/v2\/posts\/10157\/revisions"}],"predecessor-version":[{"id":10161,"href":"https:\/\/www.saint-joseph-tartas.com\/index.php?rest_route=\/wp\/v2\/posts\/10157\/revisions\/10161"}],"wp:featuredmedia":[{"embeddable":true,"href":"https:\/\/www.saint-joseph-tartas.com\/index.php?rest_route=\/wp\/v2\/media\/10156"}],"wp:attachment":[{"href":"https:\/\/www.saint-joseph-tartas.com\/index.php?rest_route=%2Fwp%2Fv2%2Fmedia&parent=10157"}],"wp:term":[{"taxonomy":"category","embeddable":true,"href":"https:\/\/www.saint-joseph-tartas.com\/index.php?rest_route=%2Fwp%2Fv2%2Fcategories&post=10157"},{"taxonomy":"post_tag","embeddable":true,"href":"https:\/\/www.saint-joseph-tartas.com\/index.php?rest_route=%2Fwp%2Fv2%2Ftags&post=10157"}],"curies":[{"name":"wp","href":"https:\/\/api.w.org\/{rel}","templated":true}]}}