{"id":1302,"date":"2014-12-18T10:16:00","date_gmt":"2014-12-18T09:16:00","guid":{"rendered":"https:\/\/www.saint-joseph-tartas.com\/?p=1302"},"modified":"2019-12-18T10:16:58","modified_gmt":"2019-12-18T09:16:58","slug":"projet-2015-2016-les-arts-de-la-scene","status":"publish","type":"post","link":"https:\/\/www.saint-joseph-tartas.com\/?p=1302","title":{"rendered":"Projet 2015 &#8211; 2016 : Les arts de la sc\u00e8ne"},"content":{"rendered":"\n<p><strong>Projet pluridisciplinaire qui rassemble le coll\u00e8ge lors de temps forts.<\/strong><\/p>\n\n\n\n<ul class=\"wp-block-list\"><li>Des \u00e9chos du projet dans de nombreuses mati\u00e8res au cours de l&rsquo;ann\u00e9e<br>&nbsp;<\/li><li>Organisation de sortie en lien avec le projet (sortie th\u00e9\u00e2tre)<br>&nbsp;<\/li><li>Une ouverture culturelle des \u00e9l\u00e8ves<br>&nbsp;<\/li><li>Les diff\u00e9rents arts qui pourront intervenir : cirque, th\u00e9\u00e2tre, marionnettes, contes&#8230;<\/li><\/ul>\n\n\n\n<p><strong>Apr\u00e8s midi de No\u00ebl<\/strong><\/p>\n\n\n\n<p>Dans le cadre du projet \u00ab\u00a0Les arts de la sc\u00e8ne\u00a0\u00bb, plusieurs ateliers ont \u00e9t\u00e9 organis\u00e9s l&rsquo;apr\u00e8s-midi de No\u00ebl :<br>&nbsp;<\/p>\n\n\n\n<ul class=\"wp-block-list\"><li>Un atelier th\u00e9\u00e2tre<br>&nbsp;<\/li><li>Un atelier quizz<br>&nbsp;<\/li><li>Un atelier cirque<\/li><\/ul>\n\n\n\n<figure class=\"wp-block-table\"><table class=\"\"><tbody><tr><td><img loading=\"lazy\" decoding=\"async\" width=\"150\" height=\"100\" class=\"wp-image-1307\" style=\"width: 150px;\" src=\"https:\/\/www.saint-joseph-tartas.com\/wp-content\/uploads\/2019\/12\/img_1356-scaled.jpg\" alt=\"\" srcset=\"https:\/\/www.saint-joseph-tartas.com\/wp-content\/uploads\/2019\/12\/img_1356-scaled.jpg 2560w, https:\/\/www.saint-joseph-tartas.com\/wp-content\/uploads\/2019\/12\/img_1356-300x200.jpg 300w, https:\/\/www.saint-joseph-tartas.com\/wp-content\/uploads\/2019\/12\/img_1356-1024x683.jpg 1024w, https:\/\/www.saint-joseph-tartas.com\/wp-content\/uploads\/2019\/12\/img_1356-768x512.jpg 768w, https:\/\/www.saint-joseph-tartas.com\/wp-content\/uploads\/2019\/12\/img_1356-1536x1024.jpg 1536w, https:\/\/www.saint-joseph-tartas.com\/wp-content\/uploads\/2019\/12\/img_1356-2048x1365.jpg 2048w\" sizes=\"auto, (max-width: 150px) 100vw, 150px\" \/><\/td><td><img loading=\"lazy\" decoding=\"async\" width=\"150\" height=\"100\" class=\"wp-image-1306\" style=\"width: 150px;\" src=\"https:\/\/www.saint-joseph-tartas.com\/wp-content\/uploads\/2019\/12\/img_1351-scaled.jpg\" alt=\"\" srcset=\"https:\/\/www.saint-joseph-tartas.com\/wp-content\/uploads\/2019\/12\/img_1351-scaled.jpg 2560w, https:\/\/www.saint-joseph-tartas.com\/wp-content\/uploads\/2019\/12\/img_1351-300x200.jpg 300w, https:\/\/www.saint-joseph-tartas.com\/wp-content\/uploads\/2019\/12\/img_1351-1024x683.jpg 1024w, https:\/\/www.saint-joseph-tartas.com\/wp-content\/uploads\/2019\/12\/img_1351-768x512.jpg 768w, https:\/\/www.saint-joseph-tartas.com\/wp-content\/uploads\/2019\/12\/img_1351-1536x1024.jpg 1536w, https:\/\/www.saint-joseph-tartas.com\/wp-content\/uploads\/2019\/12\/img_1351-2048x1365.jpg 2048w\" sizes=\"auto, (max-width: 150px) 100vw, 150px\" \/><\/td><td><img loading=\"lazy\" decoding=\"async\" width=\"150\" height=\"113\" class=\"wp-image-1305\" style=\"width: 150px;\" src=\"https:\/\/www.saint-joseph-tartas.com\/wp-content\/uploads\/2019\/12\/cirque_8-scaled.jpg\" alt=\"\" srcset=\"https:\/\/www.saint-joseph-tartas.com\/wp-content\/uploads\/2019\/12\/cirque_8-scaled.jpg 2560w, https:\/\/www.saint-joseph-tartas.com\/wp-content\/uploads\/2019\/12\/cirque_8-300x225.jpg 300w, https:\/\/www.saint-joseph-tartas.com\/wp-content\/uploads\/2019\/12\/cirque_8-1024x768.jpg 1024w, https:\/\/www.saint-joseph-tartas.com\/wp-content\/uploads\/2019\/12\/cirque_8-768x576.jpg 768w, https:\/\/www.saint-joseph-tartas.com\/wp-content\/uploads\/2019\/12\/cirque_8-1536x1152.jpg 1536w, https:\/\/www.saint-joseph-tartas.com\/wp-content\/uploads\/2019\/12\/cirque_8-2048x1536.jpg 2048w\" sizes=\"auto, (max-width: 150px) 100vw, 150px\" \/><\/td><\/tr><\/tbody><\/table><\/figure>\n\n\n\n<p>Un go\u00fbter a ensuite \u00e9t\u00e9 offert par l&rsquo;APEL.<\/p>\n\n\n\n<p>Le P\u00e8re No\u00ebl a aussi rendu visite aux coll\u00e9giens et a remis, avec Mme Ducassou, les lots de la tombola organis\u00e9e pour financer les activit\u00e9s de l&rsquo;apr\u00e8s-midi ainsi que les sorties th\u00e9\u00e2tres.<\/p>\n\n\n\n<p><strong><a href=\"https:\/\/www.dropbox.com\/sh\/836vcv1lv4xcolo\/AADI1ajhCj681MqEA4eyFnDga?dl=0\" target=\"_blank\" rel=\"noreferrer noopener\">Pour plus de photos, cliquez ici !<\/a><\/strong><\/p>\n\n\n\n<p><strong>Sortie \u00ab\u00a0Th\u00e9\u00e2tre\u00a0\u00bb pour les classes du coll\u00e8ge<\/strong><\/p>\n\n\n\n<ul class=\"wp-block-list\"><li><strong>3\u00e8mes : jeudi 28 janvier 2016 10h : \u00ab\u00a0la po\u00e9sie des tranch\u00e9es\u00a0\u00bb<\/strong>. Lecture th\u00e9atralis\u00e9e des lettres des poilus et de leurs proches au&nbsp;th\u00e9atre du P\u00e9gl\u00e9 \u00e0 Mont de Marsan.<\/li><li><strong>4\u00e8mes :&nbsp;<\/strong><strong>mardi 26 avril<\/strong>&nbsp;:&nbsp;<strong>\u00ab\u00a0Maupassant Unlimited\u00a0\u00bb<\/strong>. Mise en sc\u00e8ne de 3 nouvelles de Maupassant \u00e0 Pau.<\/li><li><strong>5\u00e8mes : mardi 29 mars ou jeudi 31 mars 2016 (\u00e0 d\u00e9finir) :<\/strong>&nbsp;rencontre th\u00e9\u00e2trale toute la journ\u00e9e et spectacle le soir de 17h30 \u00e0 19h30 : \u00ab\u00a0<strong>le Go\u00fbter des g\u00e9n\u00e9raux<\/strong>&nbsp;\u00ab\u00a0de Boris Vian \u00e0 Villeneuve Marsan au th\u00e9atre des Deux Mains.<\/li><li><strong>6\u00e8mes : vendredi 25 mars 2016 \u00e0 14h :&nbsp; \u00ab\u00a0la parole du silence\u00a0\u00bb<\/strong>&nbsp;au th\u00e9atre du P\u00e9gl\u00e9 \u00e0 Mont de Marsan.<\/li><\/ul>\n","protected":false},"excerpt":{"rendered":"<p>Projet pluridisciplinaire qui rassemble le coll\u00e8ge lors de temps forts. Des \u00e9chos du projet dans de nombreuses mati\u00e8res au cours de l&rsquo;ann\u00e9e&nbsp; Organisation de sortie en lien avec le projet <a class=\"more-link\" href=\"https:\/\/www.saint-joseph-tartas.com\/?p=1302\">Lire la suite<\/a><\/p>\n","protected":false},"author":1,"featured_media":0,"comment_status":"closed","ping_status":"closed","sticky":false,"template":"","format":"standard","meta":{"footnotes":""},"categories":[4],"tags":[],"class_list":["post-1302","post","type-post","status-publish","format-standard","hentry","category-college"],"_links":{"self":[{"href":"https:\/\/www.saint-joseph-tartas.com\/index.php?rest_route=\/wp\/v2\/posts\/1302","targetHints":{"allow":["GET"]}}],"collection":[{"href":"https:\/\/www.saint-joseph-tartas.com\/index.php?rest_route=\/wp\/v2\/posts"}],"about":[{"href":"https:\/\/www.saint-joseph-tartas.com\/index.php?rest_route=\/wp\/v2\/types\/post"}],"author":[{"embeddable":true,"href":"https:\/\/www.saint-joseph-tartas.com\/index.php?rest_route=\/wp\/v2\/users\/1"}],"replies":[{"embeddable":true,"href":"https:\/\/www.saint-joseph-tartas.com\/index.php?rest_route=%2Fwp%2Fv2%2Fcomments&post=1302"}],"version-history":[{"count":1,"href":"https:\/\/www.saint-joseph-tartas.com\/index.php?rest_route=\/wp\/v2\/posts\/1302\/revisions"}],"predecessor-version":[{"id":1308,"href":"https:\/\/www.saint-joseph-tartas.com\/index.php?rest_route=\/wp\/v2\/posts\/1302\/revisions\/1308"}],"wp:attachment":[{"href":"https:\/\/www.saint-joseph-tartas.com\/index.php?rest_route=%2Fwp%2Fv2%2Fmedia&parent=1302"}],"wp:term":[{"taxonomy":"category","embeddable":true,"href":"https:\/\/www.saint-joseph-tartas.com\/index.php?rest_route=%2Fwp%2Fv2%2Fcategories&post=1302"},{"taxonomy":"post_tag","embeddable":true,"href":"https:\/\/www.saint-joseph-tartas.com\/index.php?rest_route=%2Fwp%2Fv2%2Ftags&post=1302"}],"curies":[{"name":"wp","href":"https:\/\/api.w.org\/{rel}","templated":true}]}}