{"id":1470,"date":"2014-06-19T11:02:00","date_gmt":"2014-06-19T09:02:00","guid":{"rendered":"https:\/\/www.saint-joseph-tartas.com\/?p=1470"},"modified":"2019-12-19T11:07:26","modified_gmt":"2019-12-19T10:07:26","slug":"kermesse-2014-2015","status":"publish","type":"post","link":"https:\/\/www.saint-joseph-tartas.com\/?p=1470","title":{"rendered":"Kermesse 2014\/2015"},"content":{"rendered":"\n<p>Le fil conducteur de l&rsquo;ann\u00e9e 2014\/2015 \u00e9tait \u00a0\u00bb l&rsquo;eau\u00a0\u00bb avec le soutien de St Jo au projet Cap \u00f4 pas Cap.<\/p>\n\n\n\n<p>La kermesse, qui a eu lieu vendredi 26 juin, avait donc pour th\u00e8me \u00ab\u00a0l&rsquo;eau dans tous ses \u00e9tats\u00a0\u00bb<\/p>\n\n\n\n<figure class=\"wp-block-image size-large\"><img loading=\"lazy\" decoding=\"async\" width=\"1024\" height=\"768\" src=\"https:\/\/www.saint-joseph-tartas.com\/wp-content\/uploads\/2019\/12\/panneaux_d_accueil-1024x768.jpg\" alt=\"\" class=\"wp-image-1471\" srcset=\"https:\/\/www.saint-joseph-tartas.com\/wp-content\/uploads\/2019\/12\/panneaux_d_accueil-1024x768.jpg 1024w, https:\/\/www.saint-joseph-tartas.com\/wp-content\/uploads\/2019\/12\/panneaux_d_accueil-300x225.jpg 300w, https:\/\/www.saint-joseph-tartas.com\/wp-content\/uploads\/2019\/12\/panneaux_d_accueil-768x576.jpg 768w, https:\/\/www.saint-joseph-tartas.com\/wp-content\/uploads\/2019\/12\/panneaux_d_accueil-1536x1152.jpg 1536w, https:\/\/www.saint-joseph-tartas.com\/wp-content\/uploads\/2019\/12\/panneaux_d_accueil-2048x1536.jpg 2048w\" sizes=\"auto, (max-width: 1024px) 100vw, 1024px\" \/><\/figure>\n\n\n\n<p> Une invit\u00e9e d&rsquo;honneur :\u00a0St\u00e9phanie Barneix nous a fait l&rsquo;honneur de venir \u00e0 St Jo\u00a0pour remercier les coll\u00e9giens de leur soutien lors de leur exp\u00e9dition en paddle reliant le Cap Horn \u00e0 l&rsquo;Antarctique. <\/p>\n\n\n\n<figure class=\"wp-block-image size-large\"><img loading=\"lazy\" decoding=\"async\" width=\"768\" height=\"1024\" src=\"https:\/\/www.saint-joseph-tartas.com\/wp-content\/uploads\/2019\/12\/dscf1850-768x1024.jpg\" alt=\"\" class=\"wp-image-1472\" srcset=\"https:\/\/www.saint-joseph-tartas.com\/wp-content\/uploads\/2019\/12\/dscf1850-768x1024.jpg 768w, https:\/\/www.saint-joseph-tartas.com\/wp-content\/uploads\/2019\/12\/dscf1850-225x300.jpg 225w, https:\/\/www.saint-joseph-tartas.com\/wp-content\/uploads\/2019\/12\/dscf1850-1152x1536.jpg 1152w, https:\/\/www.saint-joseph-tartas.com\/wp-content\/uploads\/2019\/12\/dscf1850-1536x2048.jpg 1536w, https:\/\/www.saint-joseph-tartas.com\/wp-content\/uploads\/2019\/12\/dscf1850-scaled.jpg 1920w\" sizes=\"auto, (max-width: 768px) 100vw, 768px\" \/><\/figure>\n","protected":false},"excerpt":{"rendered":"<p>Le fil conducteur de l&rsquo;ann\u00e9e 2014\/2015 \u00e9tait \u00a0\u00bb l&rsquo;eau\u00a0\u00bb avec le soutien de St Jo au projet Cap \u00f4 pas Cap. La kermesse, qui a eu lieu vendredi 26 juin, <a class=\"more-link\" href=\"https:\/\/www.saint-joseph-tartas.com\/?p=1470\">Lire la suite<\/a><\/p>\n","protected":false},"author":1,"featured_media":0,"comment_status":"closed","ping_status":"closed","sticky":false,"template":"","format":"standard","meta":{"footnotes":""},"categories":[10],"tags":[],"class_list":["post-1470","post","type-post","status-publish","format-standard","hentry","category-kermesse"],"_links":{"self":[{"href":"https:\/\/www.saint-joseph-tartas.com\/index.php?rest_route=\/wp\/v2\/posts\/1470","targetHints":{"allow":["GET"]}}],"collection":[{"href":"https:\/\/www.saint-joseph-tartas.com\/index.php?rest_route=\/wp\/v2\/posts"}],"about":[{"href":"https:\/\/www.saint-joseph-tartas.com\/index.php?rest_route=\/wp\/v2\/types\/post"}],"author":[{"embeddable":true,"href":"https:\/\/www.saint-joseph-tartas.com\/index.php?rest_route=\/wp\/v2\/users\/1"}],"replies":[{"embeddable":true,"href":"https:\/\/www.saint-joseph-tartas.com\/index.php?rest_route=%2Fwp%2Fv2%2Fcomments&post=1470"}],"version-history":[{"count":1,"href":"https:\/\/www.saint-joseph-tartas.com\/index.php?rest_route=\/wp\/v2\/posts\/1470\/revisions"}],"predecessor-version":[{"id":1473,"href":"https:\/\/www.saint-joseph-tartas.com\/index.php?rest_route=\/wp\/v2\/posts\/1470\/revisions\/1473"}],"wp:attachment":[{"href":"https:\/\/www.saint-joseph-tartas.com\/index.php?rest_route=%2Fwp%2Fv2%2Fmedia&parent=1470"}],"wp:term":[{"taxonomy":"category","embeddable":true,"href":"https:\/\/www.saint-joseph-tartas.com\/index.php?rest_route=%2Fwp%2Fv2%2Fcategories&post=1470"},{"taxonomy":"post_tag","embeddable":true,"href":"https:\/\/www.saint-joseph-tartas.com\/index.php?rest_route=%2Fwp%2Fv2%2Ftags&post=1470"}],"curies":[{"name":"wp","href":"https:\/\/api.w.org\/{rel}","templated":true}]}}