{"id":1560,"date":"2019-04-20T16:49:00","date_gmt":"2019-04-20T14:49:00","guid":{"rendered":"https:\/\/www.saint-joseph-tartas.com\/?p=1560"},"modified":"2019-12-20T16:54:49","modified_gmt":"2019-12-20T15:54:49","slug":"les-4emes-a-la-decouverte-de-toulouse","status":"publish","type":"post","link":"https:\/\/www.saint-joseph-tartas.com\/?p=1560","title":{"rendered":"Les 4\u00e8mes \u00e0 la d\u00e9couverte de Toulouse"},"content":{"rendered":"\n<p>La ville, lieu de tous les possibles\u00a0? C\u2019est une question \u00e0 laquelle les \u00e9l\u00e8ves de 4<sup>\u00e8me<\/sup>\u00a0sont amen\u00e9s \u00e0 r\u00e9pondre<\/p>\n\n\n\n<p>et pour cela, une exp\u00e9rience urbaine s\u2019est impos\u00e9e. C\u2019est donc la \u00ab&nbsp;ville rose&nbsp;\u00bb qui a re\u00e7u 31 \u00e9l\u00e8ves le 6 et 7 mai.<\/p>\n\n\n\n<p>&nbsp;Apr\u00e8s trois heures de route, Toulouse s\u2019est montr\u00e9e sous ses grands jours avec une visite guid\u00e9e du Capitole.<\/p>\n\n\n\n<p>La basilique Saint Sernin a d\u00e9voil\u00e9 tous ses secrets et le mus\u00e9e des Augustins a permis un petit voyage dans l\u2019Antiquit\u00e9<\/p>\n\n\n\n<p>o\u00f9 le face \u00e0 face avec des statues gigantesques ne laissait pas de marbre.<\/p>\n\n\n\n<p>Ainsi, la premi\u00e8re journ\u00e9e a permis une d\u00e9ambulation dans la ville aussi bien de jour que de nuit puisque la soir\u00e9e s\u2019est d\u00e9roul\u00e9e au c\u0153ur de Toulouse.<\/p>\n\n\n\n<p>En effet, apr\u00e8s une s\u00e9ance plaisante au cin\u00e9ma o\u00f9 les \u00e9l\u00e8ves ont fait la connaissance du super-h\u00e9ros&nbsp;<em>Shazam<\/em>,<\/p>\n\n\n\n<p>le groupe \u00e9tait attendu dans une pizzeria aux r\u00e9sonances italiennes dues au d\u00e9cor pittoresque, \u00e0 l\u2019accueil chaleureux et aux d\u00e9licieuses pizzas.<\/p>\n\n\n\n<p>C\u2019est le ventre bien rempli et dans une bonne ambiance que les \u00e9l\u00e8ves se sont dirig\u00e9s vers le m\u00e9tro&nbsp;: le moyen de transport le plus urbain permettant<\/p>\n\n\n\n<p>de nous rapprocher rapidement de l\u2019h\u00f4tel o\u00f9 nous dormions.<\/p>\n\n\n\n<p>Les rencontres de noctambules ont marqu\u00e9 les esprits et les \u00e9l\u00e8ves se sont rendu compte que la vie citadine de jour et celle de nuit \u00e9taient tr\u00e8s diff\u00e9rentes.<\/p>\n\n\n\n<p>Une nuit de repos pour recharger les batteries a \u00e9t\u00e9 b\u00e9n\u00e9fique puisque le jour suivant, nous \u00e9tions attendus \u00e0 la Cit\u00e9 de l\u2019Espace<\/p>\n\n\n\n<p>o\u00f9 les plan\u00e8tes, les ast\u00e9ro\u00efdes mais aussi Thomas Pesquet et la fus\u00e9e Ariane nous attendaient. Les yeux pleins d\u2019\u00e9toiles et de beaux souvenirs,<\/p>\n\n\n\n<p>les \u00e9l\u00e8ves sont remont\u00e9s dans le bus du Stade Montois conduit par Dominique, chauffeur \u00e0 l\u2019humour irr\u00e9sistible.<\/p>\n\n\n\n<p>S\u2019en suivit une &nbsp;journ\u00e9e de repos bien m\u00e9rit\u00e9e &nbsp;pour ces \u00e9l\u00e8ves qui doivent maintenant prendre leur plume et r\u00e9diger un article sur ce petit s\u00e9jour<\/p>\n\n\n\n<p>pour la gazette du coll\u00e8ge Saint Joseph.<\/p>\n\n\n\n<p><a href=\"http:\/\/saint-joseph-tartas.aqtd.fr\/UserFiles\/Site\/files\/La%20Gazette%20de%20Saint%20Jo%281%29.pdf\">Clique<\/a><a href=\"https:\/\/www.saint-joseph-tartas.com\/wp-content\/uploads\/2019\/12\/La-Gazette-de-Saint-Jo1.pdf\" target=\"_blank\" rel=\"noreferrer noopener\" aria-label=\"z ici pour lire la gazette r\u00e9dig\u00e9e par les 4\u00e8mes (s\u2019ouvre dans un nouvel onglet)\">z ici pour lire la gazette r\u00e9dig\u00e9e par les 4\u00e8mes<\/a><\/p>\n","protected":false},"excerpt":{"rendered":"<p>La ville, lieu de tous les possibles\u00a0? C\u2019est une question \u00e0 laquelle les \u00e9l\u00e8ves de 4\u00e8me\u00a0sont amen\u00e9s \u00e0 r\u00e9pondre et pour cela, une exp\u00e9rience urbaine s\u2019est impos\u00e9e. C\u2019est donc la <a class=\"more-link\" href=\"https:\/\/www.saint-joseph-tartas.com\/?p=1560\">Lire la suite<\/a><\/p>\n","protected":false},"author":1,"featured_media":0,"comment_status":"closed","ping_status":"closed","sticky":false,"template":"","format":"standard","meta":{"footnotes":""},"categories":[7],"tags":[],"class_list":["post-1560","post","type-post","status-publish","format-standard","hentry","category-voyages-scolaires"],"_links":{"self":[{"href":"https:\/\/www.saint-joseph-tartas.com\/index.php?rest_route=\/wp\/v2\/posts\/1560","targetHints":{"allow":["GET"]}}],"collection":[{"href":"https:\/\/www.saint-joseph-tartas.com\/index.php?rest_route=\/wp\/v2\/posts"}],"about":[{"href":"https:\/\/www.saint-joseph-tartas.com\/index.php?rest_route=\/wp\/v2\/types\/post"}],"author":[{"embeddable":true,"href":"https:\/\/www.saint-joseph-tartas.com\/index.php?rest_route=\/wp\/v2\/users\/1"}],"replies":[{"embeddable":true,"href":"https:\/\/www.saint-joseph-tartas.com\/index.php?rest_route=%2Fwp%2Fv2%2Fcomments&post=1560"}],"version-history":[{"count":1,"href":"https:\/\/www.saint-joseph-tartas.com\/index.php?rest_route=\/wp\/v2\/posts\/1560\/revisions"}],"predecessor-version":[{"id":1562,"href":"https:\/\/www.saint-joseph-tartas.com\/index.php?rest_route=\/wp\/v2\/posts\/1560\/revisions\/1562"}],"wp:attachment":[{"href":"https:\/\/www.saint-joseph-tartas.com\/index.php?rest_route=%2Fwp%2Fv2%2Fmedia&parent=1560"}],"wp:term":[{"taxonomy":"category","embeddable":true,"href":"https:\/\/www.saint-joseph-tartas.com\/index.php?rest_route=%2Fwp%2Fv2%2Fcategories&post=1560"},{"taxonomy":"post_tag","embeddable":true,"href":"https:\/\/www.saint-joseph-tartas.com\/index.php?rest_route=%2Fwp%2Fv2%2Ftags&post=1560"}],"curies":[{"name":"wp","href":"https:\/\/api.w.org\/{rel}","templated":true}]}}