{"id":1563,"date":"2019-04-04T16:54:00","date_gmt":"2019-04-04T14:54:00","guid":{"rendered":"https:\/\/www.saint-joseph-tartas.com\/?p=1563"},"modified":"2019-12-20T16:57:57","modified_gmt":"2019-12-20T15:57:57","slug":"le-voyage-des-3emes-au-puy-du-fou","status":"publish","type":"post","link":"https:\/\/www.saint-joseph-tartas.com\/?p=1563","title":{"rendered":"Le voyage des 3\u00e8mes au Puy du Fou"},"content":{"rendered":"\t\t<div data-elementor-type=\"wp-post\" data-elementor-id=\"1563\" class=\"elementor elementor-1563\" data-elementor-settings=\"[]\">\n\t\t\t<div class=\"elementor-inner\">\n\t\t\t\t<div class=\"elementor-section-wrap\">\n\t\t\t\t\t\t\t<section class=\"elementor-element elementor-element-73392b12 elementor-section-boxed elementor-section-height-default elementor-section-height-default elementor-section elementor-top-section\" data-id=\"73392b12\" data-element_type=\"section\">\n\t\t\t\t\t\t<div class=\"elementor-container elementor-column-gap-default\">\n\t\t\t\t<div class=\"elementor-row\">\n\t\t\t\t<div class=\"elementor-element elementor-element-2d554bfe elementor-column elementor-col-100 elementor-top-column\" data-id=\"2d554bfe\" data-element_type=\"column\">\n\t\t\t<div class=\"elementor-column-wrap  elementor-element-populated\">\n\t\t\t\t\t<div class=\"elementor-widget-wrap\">\n\t\t\t\t<div class=\"elementor-element elementor-element-59a1c91 elementor-widget elementor-widget-text-editor\" data-id=\"59a1c91\" data-element_type=\"widget\" data-widget_type=\"text-editor.default\">\n\t\t\t\t<div class=\"elementor-widget-container\">\n\t\t\t\t\t<div class=\"elementor-text-editor elementor-clearfix\"><!-- wp:paragraph -->\n<p>Cette ann\u00e9e, c\u2019est la Vend\u00e9e qui a accueilli nos \u00e9l\u00e8ves de 3<sup>\u00e8me<\/sup>\u00a0et plus pr\u00e9cis\u00e9ment le Puy du Fou, grand parc \u00e0\u00a0 th\u00e8mes o\u00f9 l\u2019on peut croiser chevaliers,<\/p>\n<!-- \/wp:paragraph -->\n\n<!-- wp:paragraph -->\n<p>gladiateurs et mousquetaires dans des spectacles \u00e9blouissants de prouesses techniques.<\/p>\n<!-- \/wp:paragraph -->\n\n<!-- wp:paragraph -->\n<p>Le long trajet en bus a permis, avant cela, de faire escale dans le Marais Poitevin o\u00f9 les \u00e9l\u00e8ves ont pu profiter d\u2019une balade guid\u00e9e en barque sur la Venise verte.<\/p>\n<!-- \/wp:paragraph -->\n\n<!-- wp:paragraph -->\n<p>Une exp\u00e9rience in\u00e9dite a \u00e9t\u00e9 r\u00e9alis\u00e9e sous les yeux \u00e9bahis des \u00e9l\u00e8ves<\/p>\n<!-- \/wp:paragraph -->\n\n<!-- wp:paragraph -->\n<p>En effet, \u00e0 l\u2019aide d\u2019une longue perche remuant la vase, le batelier a cr\u00e9e des flammes \u00e0 la surface de l\u2019eau.<\/p>\n<!-- \/wp:paragraph -->\n\n<!-- wp:paragraph -->\n<p>&nbsp;Pour les deux nuit\u00e9es du s\u00e9jour, les \u00e9l\u00e8ves ont \u00e9t\u00e9 accueillis au CFA de Saint Michel Mont Mercure, point culminant de la Vend\u00e9e (290 m\u00e8tres d\u2019altitude).<\/p>\n<!-- \/wp:paragraph -->\n\n<!-- wp:paragraph -->\n<p>&nbsp;La journ\u00e9e du jeudi 11 avril s\u2019est d\u00e9roul\u00e9e enti\u00e8rement dans le parc o\u00f9 les \u00e9l\u00e8ves ont encha\u00een\u00e9 les nombreux spectacles&nbsp;: du vol d\u2019oiseaux,<\/p>\n<!-- \/wp:paragraph -->\n\n<!-- wp:paragraph -->\n<p>en passant par des r\u00e9cits de capes et d\u2019\u00e9p\u00e9es ou encore par une immersion dans les tranch\u00e9es de Verdun ou par une aventure sur le bateau<\/p>\n<!-- \/wp:paragraph -->\n\n<!-- wp:paragraph -->\n<p>d\u2019exp\u00e9dition de La P\u00e9rouse, l\u2019enchantement \u00e9tait au rendez-vous, comme le soleil.<\/p>\n<!-- \/wp:paragraph -->\n\n<!-- wp:paragraph -->\n<p>La derni\u00e8re journ\u00e9e du s\u00e9jour s\u2019est achev\u00e9e dans le parc o\u00f9 le quartier libre a permis de faire des achats dans les boutiques de souvenirs.<\/p>\n<!-- \/wp:paragraph -->\n\n<!-- wp:paragraph -->\n<p>Les \u00e9l\u00e8ves sont revenus enthousiastes apr\u00e8s trois jours pass\u00e9s ensemble o\u00f9 la bonne ambiance et la bonne humeur \u00e9taient de rigueur.<\/p>\n<!-- \/wp:paragraph -->\n\n<!-- wp:paragraph -->\n<p>La fatigue aura \u00e9t\u00e9 compens\u00e9e par les vacances de printemps qui succ\u00e9daient \u00e0 ce voyage de \u00ab&nbsp;fin des ann\u00e9es coll\u00e8ge&nbsp;\u00bb.<\/p>\n<!-- \/wp:paragraph --><\/div>\n\t\t\t\t<\/div>\n\t\t\t\t<\/div>\n\t\t\t\t\t\t<\/div>\n\t\t\t<\/div>\n\t\t<\/div>\n\t\t\t\t\t\t<\/div>\n\t\t\t<\/div>\n\t\t<\/section>\n\t\t\t\t<section class=\"elementor-element elementor-element-bc75cec elementor-section-boxed elementor-section-height-default elementor-section-height-default elementor-section elementor-top-section\" data-id=\"bc75cec\" data-element_type=\"section\">\n\t\t\t\t\t\t<div class=\"elementor-container elementor-column-gap-default\">\n\t\t\t\t<div class=\"elementor-row\">\n\t\t\t\t<div class=\"elementor-element elementor-element-124457d elementor-column elementor-col-100 elementor-top-column\" data-id=\"124457d\" data-element_type=\"column\">\n\t\t\t<div class=\"elementor-column-wrap  elementor-element-populated\">\n\t\t\t\t\t<div class=\"elementor-widget-wrap\">\n\t\t\t\t<div class=\"elementor-element elementor-element-7992cba elementor-arrows-position-inside elementor-pagination-position-outside elementor-widget elementor-widget-image-carousel\" data-id=\"7992cba\" data-element_type=\"widget\" data-settings=\"{&quot;slides_to_show&quot;:&quot;2&quot;,&quot;navigation&quot;:&quot;both&quot;,&quot;pause_on_hover&quot;:&quot;yes&quot;,&quot;autoplay&quot;:&quot;yes&quot;,&quot;autoplay_speed&quot;:5000,&quot;infinite&quot;:&quot;yes&quot;,&quot;speed&quot;:500,&quot;direction&quot;:&quot;ltr&quot;}\" data-widget_type=\"image-carousel.default\">\n\t\t\t\t<div class=\"elementor-widget-container\">\n\t\t\t\t\t<div class=\"elementor-image-carousel-wrapper swiper-container\" dir=\"ltr\">\n\t\t\t<div class=\"elementor-image-carousel swiper-wrapper\">\n\t\t\t\t<div class=\"swiper-slide\"><figure class=\"swiper-slide-inner\"><img decoding=\"async\" class=\"swiper-slide-image\" src=\"https:\/\/www.saint-joseph-tartas.com\/wp-content\/uploads\/2019\/12\/IMGP0266-199x300.jpg\" alt=\"IMGP0266\" \/><\/figure><\/div><div class=\"swiper-slide\"><figure class=\"swiper-slide-inner\"><img decoding=\"async\" class=\"swiper-slide-image\" src=\"https:\/\/www.saint-joseph-tartas.com\/wp-content\/uploads\/2019\/12\/IMGP0226-199x300.jpg\" alt=\"IMGP0226\" \/><\/figure><\/div><div class=\"swiper-slide\"><figure class=\"swiper-slide-inner\"><img decoding=\"async\" class=\"swiper-slide-image\" src=\"https:\/\/www.saint-joseph-tartas.com\/wp-content\/uploads\/2019\/12\/20190409_141102-225x300.jpg\" alt=\"20190409_141102\" \/><\/figure><\/div><div class=\"swiper-slide\"><figure class=\"swiper-slide-inner\"><img decoding=\"async\" class=\"swiper-slide-image\" src=\"https:\/\/www.saint-joseph-tartas.com\/wp-content\/uploads\/2019\/12\/20190409_134825-300x225.jpg\" alt=\"20190409_134825\" \/><\/figure><\/div><div class=\"swiper-slide\"><figure class=\"swiper-slide-inner\"><img decoding=\"async\" class=\"swiper-slide-image\" src=\"https:\/\/www.saint-joseph-tartas.com\/wp-content\/uploads\/2019\/12\/IMGP0146-199x300.jpg\" alt=\"IMGP0146\" \/><\/figure><\/div>\t\t\t<\/div>\n\t\t\t\t\t\t\t\t\t\t\t\t<div class=\"swiper-pagination\"><\/div>\n\t\t\t\t\t\t\t\t\t\t\t\t\t<div class=\"elementor-swiper-button elementor-swiper-button-prev\">\n\t\t\t\t\t\t<i class=\"eicon-chevron-left\" aria-hidden=\"true\"><\/i>\n\t\t\t\t\t\t<span class=\"elementor-screen-only\">Pr\u00e9c\u00e9dent<\/span>\n\t\t\t\t\t<\/div>\n\t\t\t\t\t<div class=\"elementor-swiper-button elementor-swiper-button-next\">\n\t\t\t\t\t\t<i class=\"eicon-chevron-right\" aria-hidden=\"true\"><\/i>\n\t\t\t\t\t\t<span class=\"elementor-screen-only\">Suivant<\/span>\n\t\t\t\t\t<\/div>\n\t\t\t\t\t\t\t\t\t<\/div>\n\t\t\t\t<\/div>\n\t\t\t\t<\/div>\n\t\t\t\t\t\t<\/div>\n\t\t\t<\/div>\n\t\t<\/div>\n\t\t\t\t\t\t<\/div>\n\t\t\t<\/div>\n\t\t<\/section>\n\t\t\t\t\t\t<\/div>\n\t\t\t<\/div>\n\t\t<\/div>\n\t\t","protected":false},"excerpt":{"rendered":"<p>Cette ann\u00e9e, c\u2019est la Vend\u00e9e qui a accueilli nos \u00e9l\u00e8ves de 3\u00e8me\u00a0et plus pr\u00e9cis\u00e9ment le Puy du Fou, grand parc \u00e0\u00a0 th\u00e8mes o\u00f9 l\u2019on peut croiser chevaliers, gladiateurs et mousquetaires <a class=\"more-link\" href=\"https:\/\/www.saint-joseph-tartas.com\/?p=1563\">Lire la suite<\/a><\/p>\n","protected":false},"author":1,"featured_media":0,"comment_status":"closed","ping_status":"closed","sticky":false,"template":"","format":"standard","meta":{"footnotes":""},"categories":[7],"tags":[],"class_list":["post-1563","post","type-post","status-publish","format-standard","hentry","category-voyages-scolaires"],"_links":{"self":[{"href":"https:\/\/www.saint-joseph-tartas.com\/index.php?rest_route=\/wp\/v2\/posts\/1563","targetHints":{"allow":["GET"]}}],"collection":[{"href":"https:\/\/www.saint-joseph-tartas.com\/index.php?rest_route=\/wp\/v2\/posts"}],"about":[{"href":"https:\/\/www.saint-joseph-tartas.com\/index.php?rest_route=\/wp\/v2\/types\/post"}],"author":[{"embeddable":true,"href":"https:\/\/www.saint-joseph-tartas.com\/index.php?rest_route=\/wp\/v2\/users\/1"}],"replies":[{"embeddable":true,"href":"https:\/\/www.saint-joseph-tartas.com\/index.php?rest_route=%2Fwp%2Fv2%2Fcomments&post=1563"}],"version-history":[{"count":2,"href":"https:\/\/www.saint-joseph-tartas.com\/index.php?rest_route=\/wp\/v2\/posts\/1563\/revisions"}],"predecessor-version":[{"id":1565,"href":"https:\/\/www.saint-joseph-tartas.com\/index.php?rest_route=\/wp\/v2\/posts\/1563\/revisions\/1565"}],"wp:attachment":[{"href":"https:\/\/www.saint-joseph-tartas.com\/index.php?rest_route=%2Fwp%2Fv2%2Fmedia&parent=1563"}],"wp:term":[{"taxonomy":"category","embeddable":true,"href":"https:\/\/www.saint-joseph-tartas.com\/index.php?rest_route=%2Fwp%2Fv2%2Fcategories&post=1563"},{"taxonomy":"post_tag","embeddable":true,"href":"https:\/\/www.saint-joseph-tartas.com\/index.php?rest_route=%2Fwp%2Fv2%2Ftags&post=1563"}],"curies":[{"name":"wp","href":"https:\/\/api.w.org\/{rel}","templated":true}]}}