{"id":1586,"date":"2015-02-20T17:24:00","date_gmt":"2015-02-20T16:24:00","guid":{"rendered":"https:\/\/www.saint-joseph-tartas.com\/?p=1586"},"modified":"2019-12-20T17:36:05","modified_gmt":"2019-12-20T16:36:05","slug":"4eme-3eme-madrid-du-7-au-11-avril","status":"publish","type":"post","link":"https:\/\/www.saint-joseph-tartas.com\/?p=1586","title":{"rendered":"4\u00e8me \/ 3\u00e8me : Madrid du 7 au 11 avril"},"content":{"rendered":"\t\t<div data-elementor-type=\"wp-post\" data-elementor-id=\"1586\" class=\"elementor elementor-1586\" data-elementor-settings=\"[]\">\n\t\t\t<div class=\"elementor-inner\">\n\t\t\t\t<div class=\"elementor-section-wrap\">\n\t\t\t\t\t\t\t<section class=\"elementor-element elementor-element-75d92904 elementor-section-boxed elementor-section-height-default elementor-section-height-default elementor-section elementor-top-section\" data-id=\"75d92904\" data-element_type=\"section\">\n\t\t\t\t\t\t<div class=\"elementor-container elementor-column-gap-default\">\n\t\t\t\t<div class=\"elementor-row\">\n\t\t\t\t<div class=\"elementor-element elementor-element-5d73df8b elementor-column elementor-col-100 elementor-top-column\" data-id=\"5d73df8b\" data-element_type=\"column\">\n\t\t\t<div class=\"elementor-column-wrap  elementor-element-populated\">\n\t\t\t\t\t<div class=\"elementor-widget-wrap\">\n\t\t\t\t<div class=\"elementor-element elementor-element-445b932c elementor-widget elementor-widget-text-editor\" data-id=\"445b932c\" data-element_type=\"widget\" data-widget_type=\"text-editor.default\">\n\t\t\t\t<div class=\"elementor-widget-container\">\n\t\t\t\t\t<div class=\"elementor-text-editor elementor-clearfix\"><!-- wp:paragraph -->\n<p>Le lundi 7 avril, les \u00e9l\u00e8ves de 4\u00e8me-3\u00e8me sont partis vers 11 heures du coll\u00e8ge pour arriver \u00e0 19h30 \u00e0 Esquivias. Les familles qui les ont h\u00e9berg\u00e9s durant ce voyage les attendaient.<br><\/p>\n<!-- \/wp:paragraph -->\n\n<!-- wp:paragraph -->\n<p>Le lendemain matin, ils ont fait un rallye pour d\u00e9couvrir la ville. Ils \u00e9taient par groupe de 6 environ et devaient r\u00e9pondre \u00e0 des questions sur les diff\u00e9rents monuments et places qu&rsquo;ils ont vsu notamment le palais royal, la plaza del sol et la plaza mayor. Puis il y a eu une visite guid\u00e9e de Madrid. L\u2019apr\u00e8s midi, ils ont visit\u00e9 le palais royal que la famille royale utilise pour les c\u00e9r\u00e9monies officielles. Ensuite, ils sont rentr\u00e9s \u00e0 Esquivias.<br><\/p>\n<!-- \/wp:paragraph -->\n\n<!-- wp:paragraph -->\n<p>Le mercredi, ils ont visit\u00e9 les ar\u00e8nes de Madrid puis l&rsquo;apr\u00e8s midi, ils ont tous fait du flamenco.<br><\/p>\n<!-- \/wp:paragraph -->\n\n<!-- wp:paragraph -->\n<p>Le jeudi, les \u00e9l\u00e8ves ont eu quartier libre pour acheter des souvenirs. L&rsquo;apr\u00e8s midi, ils ont visit\u00e9 deux mus\u00e9es, le mus\u00e9e du Prado et le mus\u00e9e de la Reine Sofia, o\u00f9 ils ont pu voir diff\u00e9rents tableaux dont Guernica de Picasso. Ensuite, le soir ils ont mang\u00e9 de la pa\u00eblla dans un restaurant en regardant un spectacle de flamenco. Puis, ils sont retourn\u00e9s dans les familles.<br><\/p>\n<!-- \/wp:paragraph -->\n\n<!-- wp:paragraph -->\n<p>Le vendredi, c&rsquo;\u00e9tait le retour au coll\u00e8ge, ils sont partis vers 9heures et ils sont arriv\u00e9s vers 18heures.<\/p>\n<!-- \/wp:paragraph -->\n\n<!-- wp:paragraph -->\n<p>C&rsquo;\u00e9tait un voyage tr\u00e8s int\u00e9ressant notamment la semaine dans les familles car les \u00e9l\u00e8ves ont pu \u00e9changer avec des espagnols mais aussi car il y avait une tr\u00e8s bonne ambiance.<\/p>\n<!-- \/wp:paragraph -->\n\n<!-- wp:paragraph -->\n<p>PAILHE Anne-Laure, 3e, BUSIN Charlotte, SENTUCQ Chlo\u00e9, 6e<br><\/p>\n<!-- \/wp:paragraph --><\/div>\n\t\t\t\t<\/div>\n\t\t\t\t<\/div>\n\t\t\t\t\t\t<\/div>\n\t\t\t<\/div>\n\t\t<\/div>\n\t\t\t\t\t\t<\/div>\n\t\t\t<\/div>\n\t\t<\/section>\n\t\t\t\t<section class=\"elementor-element elementor-element-01a3d62 elementor-section-boxed elementor-section-height-default elementor-section-height-default elementor-section elementor-top-section\" data-id=\"01a3d62\" data-element_type=\"section\">\n\t\t\t\t\t\t<div class=\"elementor-container elementor-column-gap-default\">\n\t\t\t\t<div class=\"elementor-row\">\n\t\t\t\t<div class=\"elementor-element elementor-element-2a1c9d3 elementor-column elementor-col-100 elementor-top-column\" data-id=\"2a1c9d3\" data-element_type=\"column\">\n\t\t\t<div class=\"elementor-column-wrap  elementor-element-populated\">\n\t\t\t\t\t<div class=\"elementor-widget-wrap\">\n\t\t\t\t<div class=\"elementor-element elementor-element-f648a3b elementor-arrows-position-inside elementor-pagination-position-outside elementor-widget elementor-widget-image-carousel\" data-id=\"f648a3b\" data-element_type=\"widget\" data-settings=\"{&quot;navigation&quot;:&quot;both&quot;,&quot;pause_on_hover&quot;:&quot;yes&quot;,&quot;autoplay&quot;:&quot;yes&quot;,&quot;autoplay_speed&quot;:5000,&quot;infinite&quot;:&quot;yes&quot;,&quot;speed&quot;:500,&quot;direction&quot;:&quot;ltr&quot;}\" data-widget_type=\"image-carousel.default\">\n\t\t\t\t<div class=\"elementor-widget-container\">\n\t\t\t\t\t<div class=\"elementor-image-carousel-wrapper swiper-container\" dir=\"ltr\">\n\t\t\t<div class=\"elementor-image-carousel swiper-wrapper\">\n\t\t\t\t<div class=\"swiper-slide\"><figure class=\"swiper-slide-inner\"><img decoding=\"async\" class=\"swiper-slide-image\" src=\"https:\/\/www.saint-joseph-tartas.com\/wp-content\/uploads\/2019\/12\/espagne_2014-150x150.jpg\" alt=\"espagne_2014\" \/><\/figure><\/div><div class=\"swiper-slide\"><figure class=\"swiper-slide-inner\"><img decoding=\"async\" class=\"swiper-slide-image\" src=\"https:\/\/www.saint-joseph-tartas.com\/wp-content\/uploads\/2019\/12\/espagne_2014_2-150x150.jpg\" alt=\"espagne_2014_2\" \/><\/figure><\/div><div class=\"swiper-slide\"><figure class=\"swiper-slide-inner\"><img decoding=\"async\" class=\"swiper-slide-image\" src=\"https:\/\/www.saint-joseph-tartas.com\/wp-content\/uploads\/2019\/12\/espagne_2014_3-150x150.jpg\" alt=\"espagne_2014_3\" \/><\/figure><\/div>\t\t\t<\/div>\n\t\t\t\t\t\t\t\t\t\t\t\t<div class=\"swiper-pagination\"><\/div>\n\t\t\t\t\t\t\t\t\t\t\t\t\t<div class=\"elementor-swiper-button elementor-swiper-button-prev\">\n\t\t\t\t\t\t<i class=\"eicon-chevron-left\" aria-hidden=\"true\"><\/i>\n\t\t\t\t\t\t<span class=\"elementor-screen-only\">Pr\u00e9c\u00e9dent<\/span>\n\t\t\t\t\t<\/div>\n\t\t\t\t\t<div class=\"elementor-swiper-button elementor-swiper-button-next\">\n\t\t\t\t\t\t<i class=\"eicon-chevron-right\" aria-hidden=\"true\"><\/i>\n\t\t\t\t\t\t<span class=\"elementor-screen-only\">Suivant<\/span>\n\t\t\t\t\t<\/div>\n\t\t\t\t\t\t\t\t\t<\/div>\n\t\t\t\t<\/div>\n\t\t\t\t<\/div>\n\t\t\t\t\t\t<\/div>\n\t\t\t<\/div>\n\t\t<\/div>\n\t\t\t\t\t\t<\/div>\n\t\t\t<\/div>\n\t\t<\/section>\n\t\t\t\t\t\t<\/div>\n\t\t\t<\/div>\n\t\t<\/div>\n\t\t","protected":false},"excerpt":{"rendered":"<p>Le lundi 7 avril, les \u00e9l\u00e8ves de 4\u00e8me-3\u00e8me sont partis vers 11 heures du coll\u00e8ge pour arriver \u00e0 19h30 \u00e0 Esquivias. Les familles qui les ont h\u00e9berg\u00e9s durant ce voyage <a class=\"more-link\" href=\"https:\/\/www.saint-joseph-tartas.com\/?p=1586\">Lire la suite<\/a><\/p>\n","protected":false},"author":1,"featured_media":0,"comment_status":"closed","ping_status":"closed","sticky":false,"template":"","format":"standard","meta":{"footnotes":""},"categories":[7],"tags":[],"class_list":["post-1586","post","type-post","status-publish","format-standard","hentry","category-voyages-scolaires"],"_links":{"self":[{"href":"https:\/\/www.saint-joseph-tartas.com\/index.php?rest_route=\/wp\/v2\/posts\/1586","targetHints":{"allow":["GET"]}}],"collection":[{"href":"https:\/\/www.saint-joseph-tartas.com\/index.php?rest_route=\/wp\/v2\/posts"}],"about":[{"href":"https:\/\/www.saint-joseph-tartas.com\/index.php?rest_route=\/wp\/v2\/types\/post"}],"author":[{"embeddable":true,"href":"https:\/\/www.saint-joseph-tartas.com\/index.php?rest_route=\/wp\/v2\/users\/1"}],"replies":[{"embeddable":true,"href":"https:\/\/www.saint-joseph-tartas.com\/index.php?rest_route=%2Fwp%2Fv2%2Fcomments&post=1586"}],"version-history":[{"count":3,"href":"https:\/\/www.saint-joseph-tartas.com\/index.php?rest_route=\/wp\/v2\/posts\/1586\/revisions"}],"predecessor-version":[{"id":1592,"href":"https:\/\/www.saint-joseph-tartas.com\/index.php?rest_route=\/wp\/v2\/posts\/1586\/revisions\/1592"}],"wp:attachment":[{"href":"https:\/\/www.saint-joseph-tartas.com\/index.php?rest_route=%2Fwp%2Fv2%2Fmedia&parent=1586"}],"wp:term":[{"taxonomy":"category","embeddable":true,"href":"https:\/\/www.saint-joseph-tartas.com\/index.php?rest_route=%2Fwp%2Fv2%2Fcategories&post=1586"},{"taxonomy":"post_tag","embeddable":true,"href":"https:\/\/www.saint-joseph-tartas.com\/index.php?rest_route=%2Fwp%2Fv2%2Ftags&post=1586"}],"curies":[{"name":"wp","href":"https:\/\/api.w.org\/{rel}","templated":true}]}}