{"id":3265,"date":"2020-05-09T08:24:57","date_gmt":"2020-05-09T06:24:57","guid":{"rendered":"https:\/\/www.saint-joseph-tartas.com\/?p=3265"},"modified":"2020-05-09T08:31:15","modified_gmt":"2020-05-09T06:31:15","slug":"concours-le-covid-creation","status":"publish","type":"post","link":"https:\/\/www.saint-joseph-tartas.com\/?p=3265","title":{"rendered":"Concours \u00ab\u00a0le Covid cr\u00e9ation\u00a0\u00bb"},"content":{"rendered":"\t\t<div data-elementor-type=\"wp-post\" data-elementor-id=\"3265\" class=\"elementor elementor-3265\" data-elementor-settings=\"[]\">\n\t\t\t<div class=\"elementor-inner\">\n\t\t\t\t<div class=\"elementor-section-wrap\">\n\t\t\t\t\t\t\t<section class=\"elementor-element elementor-element-b7420e8 elementor-section-boxed elementor-section-height-default elementor-section-height-default elementor-section elementor-top-section\" data-id=\"b7420e8\" data-element_type=\"section\">\n\t\t\t\t\t\t<div class=\"elementor-container elementor-column-gap-default\">\n\t\t\t\t<div class=\"elementor-row\">\n\t\t\t\t<div class=\"elementor-element elementor-element-8dba408 elementor-column elementor-col-50 elementor-top-column\" data-id=\"8dba408\" data-element_type=\"column\">\n\t\t\t<div class=\"elementor-column-wrap  elementor-element-populated\">\n\t\t\t\t\t<div class=\"elementor-widget-wrap\">\n\t\t\t\t<div class=\"elementor-element elementor-element-316647f elementor-widget elementor-widget-text-editor\" data-id=\"316647f\" data-element_type=\"widget\" data-widget_type=\"text-editor.default\">\n\t\t\t\t<div class=\"elementor-widget-container\">\n\t\t\t\t\t<div class=\"elementor-text-editor elementor-clearfix\"><p>Durant cette p\u00e9riode de confinement, le Sietom de Chalosse a propos\u00e9 le concours \u00ab\u00a0Covid Cr\u00e9ation\u00a0\u00bb\u00a0<\/p><p>F\u00e9licitations \u00e0 Arnaud et Marie pour leur victoire gr\u00e2ce \u00e0 leur crocodile r\u00e9alis\u00e9 avec des boites d&rsquo;oeuf.\u00a0<\/p><\/div>\n\t\t\t\t<\/div>\n\t\t\t\t<\/div>\n\t\t\t\t\t\t<\/div>\n\t\t\t<\/div>\n\t\t<\/div>\n\t\t\t\t<div class=\"elementor-element elementor-element-79309dc elementor-column elementor-col-50 elementor-top-column\" data-id=\"79309dc\" data-element_type=\"column\">\n\t\t\t<div class=\"elementor-column-wrap  elementor-element-populated\">\n\t\t\t\t\t<div class=\"elementor-widget-wrap\">\n\t\t\t\t<div class=\"elementor-element elementor-element-2e6ac15 elementor-widget elementor-widget-image\" data-id=\"2e6ac15\" data-element_type=\"widget\" data-widget_type=\"image.default\">\n\t\t\t\t<div class=\"elementor-widget-container\">\n\t\t\t\t\t<div class=\"elementor-image\">\n\t\t\t\t\t\t\t\t\t\t\t<a href=\"https:\/\/www.saint-joseph-tartas.com\/wp-content\/uploads\/2020\/05\/a20200423_083810Arnaud-scaled.jpg\" data-elementor-open-lightbox=\"default\">\n\t\t\t\t\t\t\t<img loading=\"lazy\" decoding=\"async\" width=\"300\" height=\"225\" src=\"https:\/\/www.saint-joseph-tartas.com\/wp-content\/uploads\/2020\/05\/a20200423_083810Arnaud-300x225.jpg\" class=\"attachment-medium size-medium\" alt=\"\" srcset=\"https:\/\/www.saint-joseph-tartas.com\/wp-content\/uploads\/2020\/05\/a20200423_083810Arnaud-300x225.jpg 300w, https:\/\/www.saint-joseph-tartas.com\/wp-content\/uploads\/2020\/05\/a20200423_083810Arnaud-1024x768.jpg 1024w, https:\/\/www.saint-joseph-tartas.com\/wp-content\/uploads\/2020\/05\/a20200423_083810Arnaud-768x576.jpg 768w, https:\/\/www.saint-joseph-tartas.com\/wp-content\/uploads\/2020\/05\/a20200423_083810Arnaud-1536x1152.jpg 1536w, https:\/\/www.saint-joseph-tartas.com\/wp-content\/uploads\/2020\/05\/a20200423_083810Arnaud-2048x1536.jpg 2048w\" sizes=\"auto, (max-width: 300px) 100vw, 300px\" \/>\t\t\t\t\t\t\t\t<\/a>\n\t\t\t\t\t\t\t\t\t\t\t<\/div>\n\t\t\t\t<\/div>\n\t\t\t\t<\/div>\n\t\t\t\t\t\t<\/div>\n\t\t\t<\/div>\n\t\t<\/div>\n\t\t\t\t\t\t<\/div>\n\t\t\t<\/div>\n\t\t<\/section>\n\t\t\t\t\t\t<\/div>\n\t\t\t<\/div>\n\t\t<\/div>\n\t\t","protected":false},"excerpt":{"rendered":"<p>Durant cette p\u00e9riode de confinement, le Sietom de Chalosse a propos\u00e9 le concours \u00ab\u00a0Covid Cr\u00e9ation\u00a0\u00bb&nbsp; F\u00e9licitations \u00e0 Arnaud et Marie pour leur victoire gr\u00e2ce \u00e0 leur crocodile r\u00e9alis\u00e9 avec des <a class=\"more-link\" href=\"https:\/\/www.saint-joseph-tartas.com\/?p=3265\">Lire la suite<\/a><\/p>\n","protected":false},"author":3,"featured_media":3124,"comment_status":"closed","ping_status":"closed","sticky":false,"template":"","format":"standard","meta":{"footnotes":""},"categories":[3],"tags":[],"class_list":["post-3265","post","type-post","status-publish","format-standard","has-post-thumbnail","hentry","category-ecole-primaire"],"_links":{"self":[{"href":"https:\/\/www.saint-joseph-tartas.com\/index.php?rest_route=\/wp\/v2\/posts\/3265","targetHints":{"allow":["GET"]}}],"collection":[{"href":"https:\/\/www.saint-joseph-tartas.com\/index.php?rest_route=\/wp\/v2\/posts"}],"about":[{"href":"https:\/\/www.saint-joseph-tartas.com\/index.php?rest_route=\/wp\/v2\/types\/post"}],"author":[{"embeddable":true,"href":"https:\/\/www.saint-joseph-tartas.com\/index.php?rest_route=\/wp\/v2\/users\/3"}],"replies":[{"embeddable":true,"href":"https:\/\/www.saint-joseph-tartas.com\/index.php?rest_route=%2Fwp%2Fv2%2Fcomments&post=3265"}],"version-history":[{"count":3,"href":"https:\/\/www.saint-joseph-tartas.com\/index.php?rest_route=\/wp\/v2\/posts\/3265\/revisions"}],"predecessor-version":[{"id":3271,"href":"https:\/\/www.saint-joseph-tartas.com\/index.php?rest_route=\/wp\/v2\/posts\/3265\/revisions\/3271"}],"wp:featuredmedia":[{"embeddable":true,"href":"https:\/\/www.saint-joseph-tartas.com\/index.php?rest_route=\/wp\/v2\/media\/3124"}],"wp:attachment":[{"href":"https:\/\/www.saint-joseph-tartas.com\/index.php?rest_route=%2Fwp%2Fv2%2Fmedia&parent=3265"}],"wp:term":[{"taxonomy":"category","embeddable":true,"href":"https:\/\/www.saint-joseph-tartas.com\/index.php?rest_route=%2Fwp%2Fv2%2Fcategories&post=3265"},{"taxonomy":"post_tag","embeddable":true,"href":"https:\/\/www.saint-joseph-tartas.com\/index.php?rest_route=%2Fwp%2Fv2%2Ftags&post=3265"}],"curies":[{"name":"wp","href":"https:\/\/api.w.org\/{rel}","templated":true}]}}