{"id":3749,"date":"2020-06-21T20:40:39","date_gmt":"2020-06-21T18:40:39","guid":{"rendered":"https:\/\/www.saint-joseph-tartas.com\/?p=3749"},"modified":"2020-06-21T20:43:02","modified_gmt":"2020-06-21T18:43:02","slug":"le-college-st-joseph-labellise","status":"publish","type":"post","link":"https:\/\/www.saint-joseph-tartas.com\/?p=3749","title":{"rendered":"Le coll\u00e8ge St Joseph labellis\u00e9 !"},"content":{"rendered":"\t\t<div data-elementor-type=\"wp-post\" data-elementor-id=\"3749\" class=\"elementor elementor-3749\" data-elementor-settings=\"[]\">\n\t\t\t<div class=\"elementor-inner\">\n\t\t\t\t<div class=\"elementor-section-wrap\">\n\t\t\t\t\t\t\t<section class=\"elementor-element elementor-element-e6c5f9f elementor-section-boxed elementor-section-height-default elementor-section-height-default elementor-section elementor-top-section\" data-id=\"e6c5f9f\" data-element_type=\"section\">\n\t\t\t\t\t\t<div class=\"elementor-container elementor-column-gap-default\">\n\t\t\t\t<div class=\"elementor-row\">\n\t\t\t\t<div class=\"elementor-element elementor-element-4549651 elementor-column elementor-col-100 elementor-top-column\" data-id=\"4549651\" data-element_type=\"column\">\n\t\t\t<div class=\"elementor-column-wrap  elementor-element-populated\">\n\t\t\t\t\t<div class=\"elementor-widget-wrap\">\n\t\t\t\t<div class=\"elementor-element elementor-element-cd79b8d elementor-widget elementor-widget-text-editor\" data-id=\"cd79b8d\" data-element_type=\"widget\" data-widget_type=\"text-editor.default\">\n\t\t\t\t<div class=\"elementor-widget-container\">\n\t\t\t\t\t<div class=\"elementor-text-editor elementor-clearfix\"><p>En d\u00e9but d\u2019ann\u00e9e scolaire, le projet Eco-coll\u00e8ge est n\u00e9 sous l\u2019impulsion de deux enseignantes, Mme Decad et Mme Sourigues-Chinon soutenues par M.Dupouy, chef d\u2019\u00e9tablissement.\u00a0 Tr\u00e8s vite, toute l\u2019\u00e9quipe \u00e9ducative se mobilise, des \u00e9co-d\u00e9l\u00e9gu\u00e9s sont \u00e9lus par les \u00e9l\u00e8ves.<\/p><p>Les r\u00e9unions s\u2019encha\u00eenent et les diff\u00e9rents projets naissent\u00a0: l\u2019Op\u00e9ration Nettoyons la Nature est reconduite, la Collecte de jouets, le tri des papiers est accentu\u00e9 ou encore la lutte contre le gaspillage alimentaire, la sensibilisation \u00e0 l\u2019\u00e9co-citoyennet\u00e9.<\/p><p>Le confinement a interrompu ce beau projet mais le dossier est finalis\u00e9 \u00e0 distance par les enseignantes.<\/p><p>Et d\u00e9but juin, le verdict tombe\u00a0: la labellisation est obtenue. Les efforts et l\u2019implication de tous sont r\u00e9compens\u00e9s, une belle fiert\u00e9 pour les \u00e9co-d\u00e9l\u00e9gu\u00e9s et l\u2019\u00e9quipe.<\/p><p>L\u2019aventure continuera l\u2019ann\u00e9e prochaine avec de nouveaux projets \u00e9cologiques et solidaires.<\/p><\/div>\n\t\t\t\t<\/div>\n\t\t\t\t<\/div>\n\t\t\t\t\t\t<\/div>\n\t\t\t<\/div>\n\t\t<\/div>\n\t\t\t\t\t\t<\/div>\n\t\t\t<\/div>\n\t\t<\/section>\n\t\t\t\t<section class=\"elementor-element elementor-element-246c492 elementor-section-boxed elementor-section-height-default elementor-section-height-default elementor-section elementor-top-section\" data-id=\"246c492\" data-element_type=\"section\">\n\t\t\t\t\t\t<div class=\"elementor-container elementor-column-gap-default\">\n\t\t\t\t<div class=\"elementor-row\">\n\t\t\t\t<div class=\"elementor-element elementor-element-7a05e6a elementor-column elementor-col-100 elementor-top-column\" data-id=\"7a05e6a\" data-element_type=\"column\">\n\t\t\t<div class=\"elementor-column-wrap  elementor-element-populated\">\n\t\t\t\t\t<div class=\"elementor-widget-wrap\">\n\t\t\t\t<div class=\"elementor-element elementor-element-cb49992 elementor-widget elementor-widget-image\" data-id=\"cb49992\" data-element_type=\"widget\" data-widget_type=\"image.default\">\n\t\t\t\t<div class=\"elementor-widget-container\">\n\t\t\t\t\t<div class=\"elementor-image\">\n\t\t\t\t\t\t\t\t\t\t<img loading=\"lazy\" decoding=\"async\" width=\"678\" height=\"493\" src=\"https:\/\/www.saint-joseph-tartas.com\/wp-content\/uploads\/2020\/06\/diplome-labellisation-scaled-e1592631549255-1024x744.jpg\" class=\"attachment-large size-large\" alt=\"\" srcset=\"https:\/\/www.saint-joseph-tartas.com\/wp-content\/uploads\/2020\/06\/diplome-labellisation-scaled-e1592631549255-1024x744.jpg 1024w, https:\/\/www.saint-joseph-tartas.com\/wp-content\/uploads\/2020\/06\/diplome-labellisation-scaled-e1592631549255-300x218.jpg 300w, https:\/\/www.saint-joseph-tartas.com\/wp-content\/uploads\/2020\/06\/diplome-labellisation-scaled-e1592631549255-768x558.jpg 768w, https:\/\/www.saint-joseph-tartas.com\/wp-content\/uploads\/2020\/06\/diplome-labellisation-scaled-e1592631549255-1536x1116.jpg 1536w, https:\/\/www.saint-joseph-tartas.com\/wp-content\/uploads\/2020\/06\/diplome-labellisation-scaled-e1592631549255-2048x1488.jpg 2048w\" sizes=\"auto, (max-width: 678px) 100vw, 678px\" \/>\t\t\t\t\t\t\t\t\t\t\t<\/div>\n\t\t\t\t<\/div>\n\t\t\t\t<\/div>\n\t\t\t\t\t\t<\/div>\n\t\t\t<\/div>\n\t\t<\/div>\n\t\t\t\t\t\t<\/div>\n\t\t\t<\/div>\n\t\t<\/section>\n\t\t\t\t\t\t<\/div>\n\t\t\t<\/div>\n\t\t<\/div>\n\t\t","protected":false},"excerpt":{"rendered":"<p>En d\u00e9but d\u2019ann\u00e9e scolaire, le projet Eco-coll\u00e8ge est n\u00e9 sous l\u2019impulsion de deux enseignantes, Mme Decad et Mme Sourigues-Chinon soutenues par M.Dupouy, chef d\u2019\u00e9tablissement.&nbsp; Tr\u00e8s vite, toute l\u2019\u00e9quipe \u00e9ducative se <a class=\"more-link\" href=\"https:\/\/www.saint-joseph-tartas.com\/?p=3749\">Lire la suite<\/a><\/p>\n","protected":false},"author":3,"featured_media":3745,"comment_status":"closed","ping_status":"closed","sticky":false,"template":"","format":"standard","meta":{"footnotes":""},"categories":[4],"tags":[],"class_list":["post-3749","post","type-post","status-publish","format-standard","has-post-thumbnail","hentry","category-college"],"_links":{"self":[{"href":"https:\/\/www.saint-joseph-tartas.com\/index.php?rest_route=\/wp\/v2\/posts\/3749","targetHints":{"allow":["GET"]}}],"collection":[{"href":"https:\/\/www.saint-joseph-tartas.com\/index.php?rest_route=\/wp\/v2\/posts"}],"about":[{"href":"https:\/\/www.saint-joseph-tartas.com\/index.php?rest_route=\/wp\/v2\/types\/post"}],"author":[{"embeddable":true,"href":"https:\/\/www.saint-joseph-tartas.com\/index.php?rest_route=\/wp\/v2\/users\/3"}],"replies":[{"embeddable":true,"href":"https:\/\/www.saint-joseph-tartas.com\/index.php?rest_route=%2Fwp%2Fv2%2Fcomments&post=3749"}],"version-history":[{"count":4,"href":"https:\/\/www.saint-joseph-tartas.com\/index.php?rest_route=\/wp\/v2\/posts\/3749\/revisions"}],"predecessor-version":[{"id":3753,"href":"https:\/\/www.saint-joseph-tartas.com\/index.php?rest_route=\/wp\/v2\/posts\/3749\/revisions\/3753"}],"wp:featuredmedia":[{"embeddable":true,"href":"https:\/\/www.saint-joseph-tartas.com\/index.php?rest_route=\/wp\/v2\/media\/3745"}],"wp:attachment":[{"href":"https:\/\/www.saint-joseph-tartas.com\/index.php?rest_route=%2Fwp%2Fv2%2Fmedia&parent=3749"}],"wp:term":[{"taxonomy":"category","embeddable":true,"href":"https:\/\/www.saint-joseph-tartas.com\/index.php?rest_route=%2Fwp%2Fv2%2Fcategories&post=3749"},{"taxonomy":"post_tag","embeddable":true,"href":"https:\/\/www.saint-joseph-tartas.com\/index.php?rest_route=%2Fwp%2Fv2%2Ftags&post=3749"}],"curies":[{"name":"wp","href":"https:\/\/api.w.org\/{rel}","templated":true}]}}