{"id":3859,"date":"2020-09-11T06:09:29","date_gmt":"2020-09-11T04:09:29","guid":{"rendered":"https:\/\/www.saint-joseph-tartas.com\/?p=3859"},"modified":"2020-09-11T06:12:23","modified_gmt":"2020-09-11T04:12:23","slug":"benediction-des-cartables","status":"publish","type":"post","link":"https:\/\/www.saint-joseph-tartas.com\/?p=3859","title":{"rendered":"B\u00e9nediction des cartables"},"content":{"rendered":"\t\t<div data-elementor-type=\"wp-post\" data-elementor-id=\"3859\" class=\"elementor elementor-3859\" data-elementor-settings=\"[]\">\n\t\t\t<div class=\"elementor-inner\">\n\t\t\t\t<div class=\"elementor-section-wrap\">\n\t\t\t\t\t\t\t<section class=\"elementor-element elementor-element-4edbe45 elementor-section-boxed elementor-section-height-default elementor-section-height-default elementor-section elementor-top-section\" data-id=\"4edbe45\" data-element_type=\"section\">\n\t\t\t\t\t\t<div class=\"elementor-container elementor-column-gap-default\">\n\t\t\t\t<div class=\"elementor-row\">\n\t\t\t\t<div class=\"elementor-element elementor-element-ac1f8d6 elementor-column elementor-col-50 elementor-top-column\" data-id=\"ac1f8d6\" data-element_type=\"column\">\n\t\t\t<div class=\"elementor-column-wrap  elementor-element-populated\">\n\t\t\t\t\t<div class=\"elementor-widget-wrap\">\n\t\t\t\t<div class=\"elementor-element elementor-element-17a33d2 elementor-widget elementor-widget-image\" data-id=\"17a33d2\" data-element_type=\"widget\" data-widget_type=\"image.default\">\n\t\t\t\t<div class=\"elementor-widget-container\">\n\t\t\t\t\t<div class=\"elementor-image\">\n\t\t\t\t\t\t\t\t\t\t<img loading=\"lazy\" decoding=\"async\" width=\"678\" height=\"381\" src=\"https:\/\/www.saint-joseph-tartas.com\/wp-content\/uploads\/2020\/09\/b\u00e9nediction-cartable-1024x576.jpg\" class=\"attachment-large size-large\" alt=\"\" srcset=\"https:\/\/www.saint-joseph-tartas.com\/wp-content\/uploads\/2020\/09\/b\u00e9nediction-cartable-1024x576.jpg 1024w, https:\/\/www.saint-joseph-tartas.com\/wp-content\/uploads\/2020\/09\/b\u00e9nediction-cartable-300x169.jpg 300w, https:\/\/www.saint-joseph-tartas.com\/wp-content\/uploads\/2020\/09\/b\u00e9nediction-cartable-768x432.jpg 768w, https:\/\/www.saint-joseph-tartas.com\/wp-content\/uploads\/2020\/09\/b\u00e9nediction-cartable-1536x864.jpg 1536w, https:\/\/www.saint-joseph-tartas.com\/wp-content\/uploads\/2020\/09\/b\u00e9nediction-cartable-2048x1152.jpg 2048w, https:\/\/www.saint-joseph-tartas.com\/wp-content\/uploads\/2020\/09\/b\u00e9nediction-cartable-scaled-e1599797610185.jpg 150w\" sizes=\"auto, (max-width: 678px) 100vw, 678px\" \/>\t\t\t\t\t\t\t\t\t\t\t<\/div>\n\t\t\t\t<\/div>\n\t\t\t\t<\/div>\n\t\t\t\t\t\t<\/div>\n\t\t\t<\/div>\n\t\t<\/div>\n\t\t\t\t<div class=\"elementor-element elementor-element-cd56971 elementor-column elementor-col-50 elementor-top-column\" data-id=\"cd56971\" data-element_type=\"column\">\n\t\t\t<div class=\"elementor-column-wrap  elementor-element-populated\">\n\t\t\t\t\t<div class=\"elementor-widget-wrap\">\n\t\t\t\t<div class=\"elementor-element elementor-element-37a920d elementor-widget elementor-widget-text-editor\" data-id=\"37a920d\" data-element_type=\"widget\" data-widget_type=\"text-editor.default\">\n\t\t\t\t<div class=\"elementor-widget-container\">\n\t\t\t\t\t<div class=\"elementor-text-editor elementor-clearfix\"><div dir=\"ltr\"><div dir=\"ltr\"><div dir=\"ltr\"><span style=\"list-style-type: none; font-size: 18px; text-decoration: none; font-family: 'Segoe UI',Arial,Helvetica,Sans-Serif; font-variant: normal; white-space: pre-wrap; word-spacing: 0px; border-collapse: collapse; text-transform: none; float: none; font-weight: 400; color: #111111; font-style: normal; text-align: left; border-spacing: 0px; display: inline; letter-spacing: normal; background-color: #ffffff; text-indent: 0px;\">La b\u00e9n\u00e9diction des cartables, a eu lieu ce vendredi de rentr\u00e9e, par le p\u00e8re Lebel. Ce fut l\u2019occasion d&rsquo;interpeller petits et grands sur la place de Dieu dans leur vie. <\/span><u><\/u><\/div><\/div><\/div><\/div>\n\t\t\t\t<\/div>\n\t\t\t\t<\/div>\n\t\t\t\t\t\t<\/div>\n\t\t\t<\/div>\n\t\t<\/div>\n\t\t\t\t\t\t<\/div>\n\t\t\t<\/div>\n\t\t<\/section>\n\t\t\t\t<section class=\"elementor-element elementor-element-c344a69 elementor-section-boxed elementor-section-height-default elementor-section-height-default elementor-section elementor-top-section\" data-id=\"c344a69\" data-element_type=\"section\">\n\t\t\t\t\t\t<div class=\"elementor-container elementor-column-gap-default\">\n\t\t\t\t<div class=\"elementor-row\">\n\t\t\t\t<div class=\"elementor-element elementor-element-6e058a9 elementor-column elementor-col-100 elementor-top-column\" data-id=\"6e058a9\" data-element_type=\"column\">\n\t\t\t<div class=\"elementor-column-wrap  elementor-element-populated\">\n\t\t\t\t\t<div class=\"elementor-widget-wrap\">\n\t\t\t\t<div class=\"elementor-element elementor-element-2a3b270 elementor-widget elementor-widget-text-editor\" data-id=\"2a3b270\" data-element_type=\"widget\" data-widget_type=\"text-editor.default\">\n\t\t\t\t<div class=\"elementor-widget-container\">\n\t\t\t\t\t<div class=\"elementor-text-editor elementor-clearfix\"><p>B\u00e9nir signifie \u00ab\u00a0dire du bien\u00a0\u00bb. B\u00e9nir sacs \u00e0 dos et cartables, compagnons quotidiens des enfants , c\u2019est leur montrer que Dieu est un p\u00e8re qui aspire \u00e0 leur bonheur dans toutes les activit\u00e9s de leur semaine, y compris l\u2019\u00e9cole.<b><\/b><i><\/i><u><\/u><\/p><\/div>\n\t\t\t\t<\/div>\n\t\t\t\t<\/div>\n\t\t\t\t\t\t<\/div>\n\t\t\t<\/div>\n\t\t<\/div>\n\t\t\t\t\t\t<\/div>\n\t\t\t<\/div>\n\t\t<\/section>\n\t\t\t\t\t\t<\/div>\n\t\t\t<\/div>\n\t\t<\/div>\n\t\t","protected":false},"excerpt":{"rendered":"<p>La b\u00e9n\u00e9diction des cartables, a eu lieu ce vendredi de rentr\u00e9e, par le p\u00e8re Lebel. Ce fut l\u2019occasion d&rsquo;interpeller petits et grands sur la place de Dieu dans leur vie. <a class=\"more-link\" href=\"https:\/\/www.saint-joseph-tartas.com\/?p=3859\">Lire la suite<\/a><\/p>\n","protected":false},"author":3,"featured_media":3861,"comment_status":"closed","ping_status":"closed","sticky":false,"template":"","format":"standard","meta":{"footnotes":""},"categories":[3],"tags":[],"class_list":["post-3859","post","type-post","status-publish","format-standard","has-post-thumbnail","hentry","category-ecole-primaire"],"_links":{"self":[{"href":"https:\/\/www.saint-joseph-tartas.com\/index.php?rest_route=\/wp\/v2\/posts\/3859","targetHints":{"allow":["GET"]}}],"collection":[{"href":"https:\/\/www.saint-joseph-tartas.com\/index.php?rest_route=\/wp\/v2\/posts"}],"about":[{"href":"https:\/\/www.saint-joseph-tartas.com\/index.php?rest_route=\/wp\/v2\/types\/post"}],"author":[{"embeddable":true,"href":"https:\/\/www.saint-joseph-tartas.com\/index.php?rest_route=\/wp\/v2\/users\/3"}],"replies":[{"embeddable":true,"href":"https:\/\/www.saint-joseph-tartas.com\/index.php?rest_route=%2Fwp%2Fv2%2Fcomments&post=3859"}],"version-history":[{"count":3,"href":"https:\/\/www.saint-joseph-tartas.com\/index.php?rest_route=\/wp\/v2\/posts\/3859\/revisions"}],"predecessor-version":[{"id":3863,"href":"https:\/\/www.saint-joseph-tartas.com\/index.php?rest_route=\/wp\/v2\/posts\/3859\/revisions\/3863"}],"wp:featuredmedia":[{"embeddable":true,"href":"https:\/\/www.saint-joseph-tartas.com\/index.php?rest_route=\/wp\/v2\/media\/3861"}],"wp:attachment":[{"href":"https:\/\/www.saint-joseph-tartas.com\/index.php?rest_route=%2Fwp%2Fv2%2Fmedia&parent=3859"}],"wp:term":[{"taxonomy":"category","embeddable":true,"href":"https:\/\/www.saint-joseph-tartas.com\/index.php?rest_route=%2Fwp%2Fv2%2Fcategories&post=3859"},{"taxonomy":"post_tag","embeddable":true,"href":"https:\/\/www.saint-joseph-tartas.com\/index.php?rest_route=%2Fwp%2Fv2%2Ftags&post=3859"}],"curies":[{"name":"wp","href":"https:\/\/api.w.org\/{rel}","templated":true}]}}