{"id":4784,"date":"2021-04-13T10:35:21","date_gmt":"2021-04-13T08:35:21","guid":{"rendered":"https:\/\/www.saint-joseph-tartas.com\/?p=4784"},"modified":"2021-04-13T10:49:01","modified_gmt":"2021-04-13T08:49:01","slug":"soumis-au-vote","status":"publish","type":"post","link":"https:\/\/www.saint-joseph-tartas.com\/?p=4784","title":{"rendered":"Soumis au vote"},"content":{"rendered":"\t\t<div data-elementor-type=\"wp-post\" data-elementor-id=\"4784\" class=\"elementor elementor-4784\" data-elementor-settings=\"[]\">\n\t\t\t<div class=\"elementor-inner\">\n\t\t\t\t<div class=\"elementor-section-wrap\">\n\t\t\t\t\t\t\t<section class=\"elementor-element elementor-element-495d6c2 elementor-section-boxed elementor-section-height-default elementor-section-height-default elementor-section elementor-top-section\" data-id=\"495d6c2\" data-element_type=\"section\">\n\t\t\t\t\t\t<div class=\"elementor-container elementor-column-gap-default\">\n\t\t\t\t<div class=\"elementor-row\">\n\t\t\t\t<div class=\"elementor-element elementor-element-ff331c5 elementor-column elementor-col-50 elementor-top-column\" data-id=\"ff331c5\" data-element_type=\"column\">\n\t\t\t<div class=\"elementor-column-wrap  elementor-element-populated\">\n\t\t\t\t\t<div class=\"elementor-widget-wrap\">\n\t\t\t\t<div class=\"elementor-element elementor-element-8911e8c elementor-widget elementor-widget-text-editor\" data-id=\"8911e8c\" data-element_type=\"widget\" data-widget_type=\"text-editor.default\">\n\t\t\t\t<div class=\"elementor-widget-container\">\n\t\t\t\t\t<div class=\"elementor-text-editor elementor-clearfix\"><p>Les \u00e9l\u00e8ves de 5\u00e8me, dans le cadre d&rsquo;un projet pluridisciplinaire, ont particip\u00e9 au concours EDD-EMI organis\u00e9 par le Rectorat de Bordeaux.\u00a0<\/p><p>Les r\u00e9sultats viennent d&rsquo;\u00eatre publi\u00e9s. Sur les 147 dessins re\u00e7us, dont les 6 des \u00e9l\u00e8ves de 5\u00e8me du coll\u00e8ge, 52 ont \u00e9t\u00e9 retenus par les organisateurs. Ils sont d\u00e9sormais soumis au vote pour le prix du public. Parmi eux, celui d&rsquo;une \u00e9l\u00e8ve de 5\u00e8me B.\u00a0<\/p><p>Nous vous invitons donc \u00e0 voter massivement pour le dessin \u00ab\u00a03G\u00a0\u00bb.\u00a0<\/p><p>Pour cela, il suffit de cliquer sur <a href=\"https:\/\/forms.gle\/eTBW3XjP5RPGsina8\">ce lien<\/a> avant le 7 Mai.<\/p><p>N&rsquo;h\u00e9sitez pas \u00e0 partager ce lien autour de vous.\u00a0<\/p><p>\u00a0<\/p><\/div>\n\t\t\t\t<\/div>\n\t\t\t\t<\/div>\n\t\t\t\t\t\t<\/div>\n\t\t\t<\/div>\n\t\t<\/div>\n\t\t\t\t<div class=\"elementor-element elementor-element-a6add8f elementor-column elementor-col-50 elementor-top-column\" data-id=\"a6add8f\" data-element_type=\"column\">\n\t\t\t<div class=\"elementor-column-wrap  elementor-element-populated\">\n\t\t\t\t\t<div class=\"elementor-widget-wrap\">\n\t\t\t\t<div class=\"elementor-element elementor-element-f8614c7 elementor-widget elementor-widget-image\" data-id=\"f8614c7\" data-element_type=\"widget\" data-widget_type=\"image.default\">\n\t\t\t\t<div class=\"elementor-widget-container\">\n\t\t\t\t\t<div class=\"elementor-image\">\n\t\t\t\t\t\t\t\t\t\t<img loading=\"lazy\" decoding=\"async\" width=\"678\" height=\"960\" src=\"https:\/\/www.saint-joseph-tartas.com\/wp-content\/uploads\/2021\/04\/Clgstjotartasdessin3-723x1024.jpg\" class=\"attachment-large size-large\" alt=\"\" srcset=\"https:\/\/www.saint-joseph-tartas.com\/wp-content\/uploads\/2021\/04\/Clgstjotartasdessin3-723x1024.jpg 723w, https:\/\/www.saint-joseph-tartas.com\/wp-content\/uploads\/2021\/04\/Clgstjotartasdessin3-212x300.jpg 212w, https:\/\/www.saint-joseph-tartas.com\/wp-content\/uploads\/2021\/04\/Clgstjotartasdessin3-768x1087.jpg 768w, https:\/\/www.saint-joseph-tartas.com\/wp-content\/uploads\/2021\/04\/Clgstjotartasdessin3-1085x1536.jpg 1085w, https:\/\/www.saint-joseph-tartas.com\/wp-content\/uploads\/2021\/04\/Clgstjotartasdessin3-1446x2048.jpg 1446w, https:\/\/www.saint-joseph-tartas.com\/wp-content\/uploads\/2021\/04\/Clgstjotartasdessin3-scaled.jpg 1808w\" sizes=\"auto, (max-width: 678px) 100vw, 678px\" \/>\t\t\t\t\t\t\t\t\t\t\t<\/div>\n\t\t\t\t<\/div>\n\t\t\t\t<\/div>\n\t\t\t\t\t\t<\/div>\n\t\t\t<\/div>\n\t\t<\/div>\n\t\t\t\t\t\t<\/div>\n\t\t\t<\/div>\n\t\t<\/section>\n\t\t\t\t\t\t<\/div>\n\t\t\t<\/div>\n\t\t<\/div>\n\t\t","protected":false},"excerpt":{"rendered":"<p>Les \u00e9l\u00e8ves de 5\u00e8me, dans le cadre d&rsquo;un projet pluridisciplinaire, ont particip\u00e9 au concours EDD-EMI organis\u00e9 par le Rectorat de Bordeaux.&nbsp; Les r\u00e9sultats viennent d&rsquo;\u00eatre publi\u00e9s. Sur les 147 dessins <a class=\"more-link\" href=\"https:\/\/www.saint-joseph-tartas.com\/?p=4784\">Lire la suite<\/a><\/p>\n","protected":false},"author":3,"featured_media":4791,"comment_status":"closed","ping_status":"closed","sticky":false,"template":"","format":"standard","meta":{"footnotes":""},"categories":[4,9],"tags":[],"class_list":["post-4784","post","type-post","status-publish","format-standard","has-post-thumbnail","hentry","category-college","category-eco-college"],"_links":{"self":[{"href":"https:\/\/www.saint-joseph-tartas.com\/index.php?rest_route=\/wp\/v2\/posts\/4784","targetHints":{"allow":["GET"]}}],"collection":[{"href":"https:\/\/www.saint-joseph-tartas.com\/index.php?rest_route=\/wp\/v2\/posts"}],"about":[{"href":"https:\/\/www.saint-joseph-tartas.com\/index.php?rest_route=\/wp\/v2\/types\/post"}],"author":[{"embeddable":true,"href":"https:\/\/www.saint-joseph-tartas.com\/index.php?rest_route=\/wp\/v2\/users\/3"}],"replies":[{"embeddable":true,"href":"https:\/\/www.saint-joseph-tartas.com\/index.php?rest_route=%2Fwp%2Fv2%2Fcomments&post=4784"}],"version-history":[{"count":3,"href":"https:\/\/www.saint-joseph-tartas.com\/index.php?rest_route=\/wp\/v2\/posts\/4784\/revisions"}],"predecessor-version":[{"id":4788,"href":"https:\/\/www.saint-joseph-tartas.com\/index.php?rest_route=\/wp\/v2\/posts\/4784\/revisions\/4788"}],"wp:featuredmedia":[{"embeddable":true,"href":"https:\/\/www.saint-joseph-tartas.com\/index.php?rest_route=\/wp\/v2\/media\/4791"}],"wp:attachment":[{"href":"https:\/\/www.saint-joseph-tartas.com\/index.php?rest_route=%2Fwp%2Fv2%2Fmedia&parent=4784"}],"wp:term":[{"taxonomy":"category","embeddable":true,"href":"https:\/\/www.saint-joseph-tartas.com\/index.php?rest_route=%2Fwp%2Fv2%2Fcategories&post=4784"},{"taxonomy":"post_tag","embeddable":true,"href":"https:\/\/www.saint-joseph-tartas.com\/index.php?rest_route=%2Fwp%2Fv2%2Ftags&post=4784"}],"curies":[{"name":"wp","href":"https:\/\/api.w.org\/{rel}","templated":true}]}}