{"id":4969,"date":"2021-06-15T20:35:07","date_gmt":"2021-06-15T18:35:07","guid":{"rendered":"https:\/\/www.saint-joseph-tartas.com\/?p=4969"},"modified":"2021-06-15T20:38:30","modified_gmt":"2021-06-15T18:38:30","slug":"un-livre-pour-tous-les-cp","status":"publish","type":"post","link":"https:\/\/www.saint-joseph-tartas.com\/?p=4969","title":{"rendered":"Un livre pour tous les CP"},"content":{"rendered":"\t\t<div data-elementor-type=\"wp-post\" data-elementor-id=\"4969\" class=\"elementor elementor-4969\" data-elementor-settings=\"[]\">\n\t\t\t<div class=\"elementor-inner\">\n\t\t\t\t<div class=\"elementor-section-wrap\">\n\t\t\t\t\t\t\t<section class=\"elementor-element elementor-element-b164c1c elementor-section-boxed elementor-section-height-default elementor-section-height-default elementor-section elementor-top-section\" data-id=\"b164c1c\" data-element_type=\"section\">\n\t\t\t\t\t\t<div class=\"elementor-container elementor-column-gap-default\">\n\t\t\t\t<div class=\"elementor-row\">\n\t\t\t\t<div class=\"elementor-element elementor-element-c7f66b0 elementor-column elementor-col-50 elementor-top-column\" data-id=\"c7f66b0\" data-element_type=\"column\">\n\t\t\t<div class=\"elementor-column-wrap  elementor-element-populated\">\n\t\t\t\t\t<div class=\"elementor-widget-wrap\">\n\t\t\t\t<div class=\"elementor-element elementor-element-e6ac898 elementor-widget elementor-widget-text-editor\" data-id=\"e6ac898\" data-element_type=\"widget\" data-widget_type=\"text-editor.default\">\n\t\t\t\t<div class=\"elementor-widget-container\">\n\t\t\t\t\t<div class=\"elementor-text-editor elementor-clearfix\"><p>Dans le cadre de l\u2019op\u00e9ration \u00ab\u00a0Un livre \u00e0 tout \u00e2ge\u00a0\u00bb, le d\u00e9partement des Landes a offert \u00e0 chaque enfant du CP un album de la s\u00e9rie Billy de Catharina Valckx \u00e9dit\u00e9 par l\u2019Ecole des loisirs ainsi qu\u2019un poster de Claude Ponti.<\/p><p>La remise a eu lieu jeudi 10 juin \u00e0 9 h dans la cour de r\u00e9cr\u00e9ation par madame Degos en pr\u00e9sence des ma\u00eetresses Jodin et Caillaud, de monsieur Dupouy directeur du coll\u00e8ge et de madame Marmande directrice du primaire de l\u2019\u00e9cole saint-Joseph de Tartas.<\/p><p>Cet album sera lu, exploit\u00e9 dans les classes et trouvera sa place dans la biblioth\u00e8que de chaque enfant.<\/p><p>Enseignants et enfants remercient la m\u00e9diath\u00e8que d\u00e9partementale des Landes.<\/p><\/div>\n\t\t\t\t<\/div>\n\t\t\t\t<\/div>\n\t\t\t\t\t\t<\/div>\n\t\t\t<\/div>\n\t\t<\/div>\n\t\t\t\t<div class=\"elementor-element elementor-element-90b6d94 elementor-column elementor-col-50 elementor-top-column\" data-id=\"90b6d94\" data-element_type=\"column\">\n\t\t\t<div class=\"elementor-column-wrap  elementor-element-populated\">\n\t\t\t\t\t<div class=\"elementor-widget-wrap\">\n\t\t\t\t<div class=\"elementor-element elementor-element-03ff4ca elementor-arrows-position-inside elementor-widget elementor-widget-image-carousel\" data-id=\"03ff4ca\" data-element_type=\"widget\" data-settings=\"{&quot;slides_to_show&quot;:&quot;1&quot;,&quot;navigation&quot;:&quot;arrows&quot;,&quot;pause_on_hover&quot;:&quot;yes&quot;,&quot;autoplay&quot;:&quot;yes&quot;,&quot;autoplay_speed&quot;:5000,&quot;infinite&quot;:&quot;yes&quot;,&quot;effect&quot;:&quot;slide&quot;,&quot;speed&quot;:500,&quot;direction&quot;:&quot;ltr&quot;}\" data-widget_type=\"image-carousel.default\">\n\t\t\t\t<div class=\"elementor-widget-container\">\n\t\t\t\t\t<div class=\"elementor-image-carousel-wrapper swiper-container\" dir=\"ltr\">\n\t\t\t<div class=\"elementor-image-carousel swiper-wrapper\">\n\t\t\t\t<div class=\"swiper-slide\"><figure class=\"swiper-slide-inner\"><img decoding=\"async\" class=\"swiper-slide-image\" src=\"https:\/\/www.saint-joseph-tartas.com\/wp-content\/uploads\/2021\/06\/IMG_2811-1024x768.jpg\" alt=\"IMG_2811\" \/><\/figure><\/div><div class=\"swiper-slide\"><figure class=\"swiper-slide-inner\"><img decoding=\"async\" class=\"swiper-slide-image\" src=\"https:\/\/www.saint-joseph-tartas.com\/wp-content\/uploads\/2021\/06\/IMG_2817-1024x768.jpg\" alt=\"IMG_2817\" \/><\/figure><\/div><div class=\"swiper-slide\"><figure class=\"swiper-slide-inner\"><img decoding=\"async\" class=\"swiper-slide-image\" src=\"https:\/\/www.saint-joseph-tartas.com\/wp-content\/uploads\/2021\/06\/IMG_2822-1024x768.jpg\" alt=\"IMG_2822\" \/><\/figure><\/div>\t\t\t<\/div>\n\t\t\t\t\t\t\t\t\t\t\t\t\t\t\t\t<div class=\"elementor-swiper-button elementor-swiper-button-prev\">\n\t\t\t\t\t\t<i class=\"eicon-chevron-left\" aria-hidden=\"true\"><\/i>\n\t\t\t\t\t\t<span class=\"elementor-screen-only\">Pr\u00e9c\u00e9dent<\/span>\n\t\t\t\t\t<\/div>\n\t\t\t\t\t<div class=\"elementor-swiper-button elementor-swiper-button-next\">\n\t\t\t\t\t\t<i class=\"eicon-chevron-right\" aria-hidden=\"true\"><\/i>\n\t\t\t\t\t\t<span class=\"elementor-screen-only\">Suivant<\/span>\n\t\t\t\t\t<\/div>\n\t\t\t\t\t\t\t\t\t<\/div>\n\t\t\t\t<\/div>\n\t\t\t\t<\/div>\n\t\t\t\t\t\t<\/div>\n\t\t\t<\/div>\n\t\t<\/div>\n\t\t\t\t\t\t<\/div>\n\t\t\t<\/div>\n\t\t<\/section>\n\t\t\t\t\t\t<\/div>\n\t\t\t<\/div>\n\t\t<\/div>\n\t\t","protected":false},"excerpt":{"rendered":"<p>Dans le cadre de l\u2019op\u00e9ration \u00ab&nbsp;Un livre \u00e0 tout \u00e2ge&nbsp;\u00bb, le d\u00e9partement des Landes a offert \u00e0 chaque enfant du CP un album de la s\u00e9rie Billy de Catharina Valckx <a class=\"more-link\" href=\"https:\/\/www.saint-joseph-tartas.com\/?p=4969\">Lire la suite<\/a><\/p>\n","protected":false},"author":3,"featured_media":4972,"comment_status":"closed","ping_status":"closed","sticky":false,"template":"","format":"standard","meta":{"footnotes":""},"categories":[3],"tags":[],"class_list":["post-4969","post","type-post","status-publish","format-standard","has-post-thumbnail","hentry","category-ecole-primaire"],"_links":{"self":[{"href":"https:\/\/www.saint-joseph-tartas.com\/index.php?rest_route=\/wp\/v2\/posts\/4969","targetHints":{"allow":["GET"]}}],"collection":[{"href":"https:\/\/www.saint-joseph-tartas.com\/index.php?rest_route=\/wp\/v2\/posts"}],"about":[{"href":"https:\/\/www.saint-joseph-tartas.com\/index.php?rest_route=\/wp\/v2\/types\/post"}],"author":[{"embeddable":true,"href":"https:\/\/www.saint-joseph-tartas.com\/index.php?rest_route=\/wp\/v2\/users\/3"}],"replies":[{"embeddable":true,"href":"https:\/\/www.saint-joseph-tartas.com\/index.php?rest_route=%2Fwp%2Fv2%2Fcomments&post=4969"}],"version-history":[{"count":3,"href":"https:\/\/www.saint-joseph-tartas.com\/index.php?rest_route=\/wp\/v2\/posts\/4969\/revisions"}],"predecessor-version":[{"id":4975,"href":"https:\/\/www.saint-joseph-tartas.com\/index.php?rest_route=\/wp\/v2\/posts\/4969\/revisions\/4975"}],"wp:featuredmedia":[{"embeddable":true,"href":"https:\/\/www.saint-joseph-tartas.com\/index.php?rest_route=\/wp\/v2\/media\/4972"}],"wp:attachment":[{"href":"https:\/\/www.saint-joseph-tartas.com\/index.php?rest_route=%2Fwp%2Fv2%2Fmedia&parent=4969"}],"wp:term":[{"taxonomy":"category","embeddable":true,"href":"https:\/\/www.saint-joseph-tartas.com\/index.php?rest_route=%2Fwp%2Fv2%2Fcategories&post=4969"},{"taxonomy":"post_tag","embeddable":true,"href":"https:\/\/www.saint-joseph-tartas.com\/index.php?rest_route=%2Fwp%2Fv2%2Ftags&post=4969"}],"curies":[{"name":"wp","href":"https:\/\/api.w.org\/{rel}","templated":true}]}}