{"id":5379,"date":"2021-10-25T07:32:04","date_gmt":"2021-10-25T05:32:04","guid":{"rendered":"https:\/\/www.saint-joseph-tartas.com\/?p=5379"},"modified":"2021-10-25T07:34:34","modified_gmt":"2021-10-25T05:34:34","slug":"sortie-cinema-pour-les-3emes","status":"publish","type":"post","link":"https:\/\/www.saint-joseph-tartas.com\/?p=5379","title":{"rendered":"Sortie cin\u00e9ma pour les 3emes"},"content":{"rendered":"\t\t<div data-elementor-type=\"wp-post\" data-elementor-id=\"5379\" class=\"elementor elementor-5379\" data-elementor-settings=\"[]\">\n\t\t\t<div class=\"elementor-inner\">\n\t\t\t\t<div class=\"elementor-section-wrap\">\n\t\t\t\t\t\t\t<section class=\"elementor-element elementor-element-546c2d7 elementor-section-boxed elementor-section-height-default elementor-section-height-default elementor-section elementor-top-section\" data-id=\"546c2d7\" data-element_type=\"section\">\n\t\t\t\t\t\t<div class=\"elementor-container elementor-column-gap-default\">\n\t\t\t\t<div class=\"elementor-row\">\n\t\t\t\t<div class=\"elementor-element elementor-element-a4de211 elementor-column elementor-col-100 elementor-top-column\" data-id=\"a4de211\" data-element_type=\"column\">\n\t\t\t<div class=\"elementor-column-wrap  elementor-element-populated\">\n\t\t\t\t\t<div class=\"elementor-widget-wrap\">\n\t\t\t\t<div class=\"elementor-element elementor-element-56afbf4 elementor-widget elementor-widget-text-editor\" data-id=\"56afbf4\" data-element_type=\"widget\" data-widget_type=\"text-editor.default\">\n\t\t\t\t<div class=\"elementor-widget-container\">\n\t\t\t\t\t<div class=\"elementor-text-editor elementor-clearfix\"><p>Vendredi 22 octobre, les \u00e9l\u00e8ves de 3\u00e8me sont all\u00e9s au cin\u00e9ma voir le film \u00ab\u00a0Slalom\u00a0\u00bb de Charl\u00e8ne Flavier.<\/p><\/div>\n\t\t\t\t<\/div>\n\t\t\t\t<\/div>\n\t\t\t\t\t\t<\/div>\n\t\t\t<\/div>\n\t\t<\/div>\n\t\t\t\t\t\t<\/div>\n\t\t\t<\/div>\n\t\t<\/section>\n\t\t\t\t<section class=\"elementor-element elementor-element-6078c8d elementor-section-boxed elementor-section-height-default elementor-section-height-default elementor-section elementor-top-section\" data-id=\"6078c8d\" data-element_type=\"section\">\n\t\t\t\t\t\t<div class=\"elementor-container elementor-column-gap-default\">\n\t\t\t\t<div class=\"elementor-row\">\n\t\t\t\t<div class=\"elementor-element elementor-element-890e0b5 elementor-column elementor-col-50 elementor-top-column\" data-id=\"890e0b5\" data-element_type=\"column\">\n\t\t\t<div class=\"elementor-column-wrap  elementor-element-populated\">\n\t\t\t\t\t<div class=\"elementor-widget-wrap\">\n\t\t\t\t<div class=\"elementor-element elementor-element-49e2ab5 elementor-widget elementor-widget-text-editor\" data-id=\"49e2ab5\" data-element_type=\"widget\" data-widget_type=\"text-editor.default\">\n\t\t\t\t<div class=\"elementor-widget-container\">\n\t\t\t\t\t<div class=\"elementor-text-editor elementor-clearfix\"><p lang=\"zxx\" align=\"justify\">Le sujet traite du harc\u00e8lement des mineurs dans le milieu sportif : Lys (No\u00e9e Abita), une jeune championne de ski tombe sous l&#8217;emprise de son entra\u00eeneur Fred (J\u00e9r\u00e9mie R\u00e9nier), suite \u00e0 des agressions sexuelles, la jeune fille se trouve seule face \u00e0 ses angoisses, ses questions&#8230; avec un entourage aveugle voire absent.<\/p><p lang=\"zxx\" align=\"justify\">La projection a \u00e9t\u00e9 suivie d&rsquo;un d\u00e9bat anim\u00e9 par Anthony Etchart ; intervenant de l&rsquo;association \u00ab\u00a0Colosse aux pieds d&rsquo;argile\u00a0\u00bb (reconnue d\u2019utilit\u00e9 publique, elle a pour missions la sensibilisation aux risques de violences sexuelles, de bizutage et de harc\u00e8lement en milieu sportif ainsi que l\u2019accompagnement des victimes).<\/p><p lang=\"zxx\" align=\"justify\">.<\/p><\/div>\n\t\t\t\t<\/div>\n\t\t\t\t<\/div>\n\t\t\t\t\t\t<\/div>\n\t\t\t<\/div>\n\t\t<\/div>\n\t\t\t\t<div class=\"elementor-element elementor-element-86126ff elementor-column elementor-col-50 elementor-top-column\" data-id=\"86126ff\" data-element_type=\"column\">\n\t\t\t<div class=\"elementor-column-wrap  elementor-element-populated\">\n\t\t\t\t\t<div class=\"elementor-widget-wrap\">\n\t\t\t\t<div class=\"elementor-element elementor-element-4af8fdb elementor-arrows-position-inside elementor-widget elementor-widget-image-carousel\" data-id=\"4af8fdb\" data-element_type=\"widget\" data-settings=\"{&quot;slides_to_show&quot;:&quot;1&quot;,&quot;navigation&quot;:&quot;arrows&quot;,&quot;pause_on_hover&quot;:&quot;yes&quot;,&quot;autoplay&quot;:&quot;yes&quot;,&quot;autoplay_speed&quot;:5000,&quot;infinite&quot;:&quot;yes&quot;,&quot;effect&quot;:&quot;slide&quot;,&quot;speed&quot;:500,&quot;direction&quot;:&quot;ltr&quot;}\" data-widget_type=\"image-carousel.default\">\n\t\t\t\t<div class=\"elementor-widget-container\">\n\t\t\t\t\t<div class=\"elementor-image-carousel-wrapper swiper-container\" dir=\"ltr\">\n\t\t\t<div class=\"elementor-image-carousel swiper-wrapper\">\n\t\t\t\t<div class=\"swiper-slide\"><a href=\"https:\/\/www.saint-joseph-tartas.com\/wp-content\/uploads\/2021\/10\/7_1953565-e1635140051555.jpg\" data-elementor-open-lightbox=\"default\" data-elementor-lightbox-slideshow=\"4af8fdb\" data-elementor-lightbox-index=\"0\"><figure class=\"swiper-slide-inner\"><img decoding=\"async\" class=\"swiper-slide-image\" src=\"https:\/\/www.saint-joseph-tartas.com\/wp-content\/uploads\/2021\/10\/7_1953565-225x300.jpg\" alt=\"Slalom, affiche\" \/><\/figure><\/a><\/div><div class=\"swiper-slide\"><a href=\"https:\/\/www.saint-joseph-tartas.com\/wp-content\/uploads\/2021\/10\/cin\u00e9ma-1.jpg\" data-elementor-open-lightbox=\"default\" data-elementor-lightbox-slideshow=\"4af8fdb\" data-elementor-lightbox-index=\"1\"><figure class=\"swiper-slide-inner\"><img decoding=\"async\" class=\"swiper-slide-image\" src=\"https:\/\/www.saint-joseph-tartas.com\/wp-content\/uploads\/2021\/10\/cin\u00e9ma-1-300x225.jpg\" alt=\"cin\u00e9ma 1\" \/><\/figure><\/a><\/div><div class=\"swiper-slide\"><a href=\"https:\/\/www.saint-joseph-tartas.com\/wp-content\/uploads\/2021\/10\/Slalom_2.jpg\" data-elementor-open-lightbox=\"default\" data-elementor-lightbox-slideshow=\"4af8fdb\" data-elementor-lightbox-index=\"2\"><figure class=\"swiper-slide-inner\"><img decoding=\"async\" class=\"swiper-slide-image\" src=\"https:\/\/www.saint-joseph-tartas.com\/wp-content\/uploads\/2021\/10\/Slalom_2-300x225.jpg\" alt=\"Slalom_2\" \/><\/figure><\/a><\/div>\t\t\t<\/div>\n\t\t\t\t\t\t\t\t\t\t\t\t\t\t\t\t<div class=\"elementor-swiper-button elementor-swiper-button-prev\">\n\t\t\t\t\t\t<i class=\"eicon-chevron-left\" aria-hidden=\"true\"><\/i>\n\t\t\t\t\t\t<span class=\"elementor-screen-only\">Pr\u00e9c\u00e9dent<\/span>\n\t\t\t\t\t<\/div>\n\t\t\t\t\t<div class=\"elementor-swiper-button elementor-swiper-button-next\">\n\t\t\t\t\t\t<i class=\"eicon-chevron-right\" aria-hidden=\"true\"><\/i>\n\t\t\t\t\t\t<span class=\"elementor-screen-only\">Suivant<\/span>\n\t\t\t\t\t<\/div>\n\t\t\t\t\t\t\t\t\t<\/div>\n\t\t\t\t<\/div>\n\t\t\t\t<\/div>\n\t\t\t\t\t\t<\/div>\n\t\t\t<\/div>\n\t\t<\/div>\n\t\t\t\t\t\t<\/div>\n\t\t\t<\/div>\n\t\t<\/section>\n\t\t\t\t<section class=\"elementor-element elementor-element-df7d03e elementor-section-boxed elementor-section-height-default elementor-section-height-default elementor-section elementor-top-section\" data-id=\"df7d03e\" data-element_type=\"section\">\n\t\t\t\t\t\t<div class=\"elementor-container elementor-column-gap-default\">\n\t\t\t\t<div class=\"elementor-row\">\n\t\t\t\t<div class=\"elementor-element elementor-element-78522cf elementor-column elementor-col-100 elementor-top-column\" data-id=\"78522cf\" data-element_type=\"column\">\n\t\t\t<div class=\"elementor-column-wrap  elementor-element-populated\">\n\t\t\t\t\t<div class=\"elementor-widget-wrap\">\n\t\t\t\t<div class=\"elementor-element elementor-element-48d989d elementor-widget elementor-widget-text-editor\" data-id=\"48d989d\" data-element_type=\"widget\" data-widget_type=\"text-editor.default\">\n\t\t\t\t<div class=\"elementor-widget-container\">\n\t\t\t\t\t<div class=\"elementor-text-editor elementor-clearfix\"><p lang=\"zxx\" align=\"justify\">Les \u00e9l\u00e8ves ont pu poser de nombreuses questions ; sur des sc\u00e8nes du film qui ont pu les interpeller, les faire r\u00e9agir, sur les personnages de Lys et Fred (ainsi l&rsquo;animateur a expliqu\u00e9 l&rsquo;\u00e9tat de sid\u00e9ration de la victime). Il y a eu des \u00e9changes interactifs qui ont men\u00e9 aux diff\u00e9rents types de harc\u00e8lement dont peuvent \u00eatre victimes les mineurs, sur la pr\u00e9vention : vers qui se tourner si l&rsquo;un d&rsquo;entre eux ou un camarade \u00e9tait victime d&rsquo;agression . Un mot qui revenait souvent dans les paroles de l&rsquo;intervenant \u00ab\u00a0PARLER\u00a0\u00bb afin de ne pas se trouver seul.<\/p><p lang=\"zxx\" align=\"justify\">Des mots qui trouvent \u00e9cho \u00e0 nos oreilles, ils rappellent notre th\u00e8me de l&rsquo;ann\u00e9e la \u00ab\u00a0Solidarit\u00e9\u00a0\u00bb<\/p><\/div>\n\t\t\t\t<\/div>\n\t\t\t\t<\/div>\n\t\t\t\t\t\t<\/div>\n\t\t\t<\/div>\n\t\t<\/div>\n\t\t\t\t\t\t<\/div>\n\t\t\t<\/div>\n\t\t<\/section>\n\t\t\t\t\t\t<\/div>\n\t\t\t<\/div>\n\t\t<\/div>\n\t\t","protected":false},"excerpt":{"rendered":"<p>Vendredi 22 octobre, les \u00e9l\u00e8ves de 3\u00e8me sont all\u00e9s au cin\u00e9ma voir le film \u00ab\u00a0Slalom\u00a0\u00bb de Charl\u00e8ne Flavier. Le sujet traite du harc\u00e8lement des mineurs dans le milieu sportif : <a class=\"more-link\" href=\"https:\/\/www.saint-joseph-tartas.com\/?p=5379\">Lire la suite<\/a><\/p>\n","protected":false},"author":3,"featured_media":5376,"comment_status":"closed","ping_status":"closed","sticky":false,"template":"","format":"standard","meta":{"footnotes":""},"categories":[4,9],"tags":[],"class_list":["post-5379","post","type-post","status-publish","format-standard","has-post-thumbnail","hentry","category-college","category-eco-college"],"_links":{"self":[{"href":"https:\/\/www.saint-joseph-tartas.com\/index.php?rest_route=\/wp\/v2\/posts\/5379","targetHints":{"allow":["GET"]}}],"collection":[{"href":"https:\/\/www.saint-joseph-tartas.com\/index.php?rest_route=\/wp\/v2\/posts"}],"about":[{"href":"https:\/\/www.saint-joseph-tartas.com\/index.php?rest_route=\/wp\/v2\/types\/post"}],"author":[{"embeddable":true,"href":"https:\/\/www.saint-joseph-tartas.com\/index.php?rest_route=\/wp\/v2\/users\/3"}],"replies":[{"embeddable":true,"href":"https:\/\/www.saint-joseph-tartas.com\/index.php?rest_route=%2Fwp%2Fv2%2Fcomments&post=5379"}],"version-history":[{"count":4,"href":"https:\/\/www.saint-joseph-tartas.com\/index.php?rest_route=\/wp\/v2\/posts\/5379\/revisions"}],"predecessor-version":[{"id":5383,"href":"https:\/\/www.saint-joseph-tartas.com\/index.php?rest_route=\/wp\/v2\/posts\/5379\/revisions\/5383"}],"wp:featuredmedia":[{"embeddable":true,"href":"https:\/\/www.saint-joseph-tartas.com\/index.php?rest_route=\/wp\/v2\/media\/5376"}],"wp:attachment":[{"href":"https:\/\/www.saint-joseph-tartas.com\/index.php?rest_route=%2Fwp%2Fv2%2Fmedia&parent=5379"}],"wp:term":[{"taxonomy":"category","embeddable":true,"href":"https:\/\/www.saint-joseph-tartas.com\/index.php?rest_route=%2Fwp%2Fv2%2Fcategories&post=5379"},{"taxonomy":"post_tag","embeddable":true,"href":"https:\/\/www.saint-joseph-tartas.com\/index.php?rest_route=%2Fwp%2Fv2%2Ftags&post=5379"}],"curies":[{"name":"wp","href":"https:\/\/api.w.org\/{rel}","templated":true}]}}