{"id":5726,"date":"2022-03-08T21:04:55","date_gmt":"2022-03-08T20:04:55","guid":{"rendered":"https:\/\/www.saint-joseph-tartas.com\/?p=5726"},"modified":"2022-03-08T21:11:11","modified_gmt":"2022-03-08T20:11:11","slug":"des-eleves-primes-par-le-caue","status":"publish","type":"post","link":"https:\/\/www.saint-joseph-tartas.com\/?p=5726","title":{"rendered":"Des \u00e9l\u00e8ves prim\u00e9s par le CAUE"},"content":{"rendered":"\t\t<div data-elementor-type=\"wp-post\" data-elementor-id=\"5726\" class=\"elementor elementor-5726\" data-elementor-settings=\"[]\">\n\t\t\t<div class=\"elementor-inner\">\n\t\t\t\t<div class=\"elementor-section-wrap\">\n\t\t\t\t\t\t\t<section class=\"elementor-element elementor-element-c7dc788 elementor-section-boxed elementor-section-height-default elementor-section-height-default elementor-section elementor-top-section\" data-id=\"c7dc788\" data-element_type=\"section\">\n\t\t\t\t\t\t<div class=\"elementor-container elementor-column-gap-default\">\n\t\t\t\t<div class=\"elementor-row\">\n\t\t\t\t<div class=\"elementor-element elementor-element-880ebb9 elementor-column elementor-col-100 elementor-top-column\" data-id=\"880ebb9\" data-element_type=\"column\">\n\t\t\t<div class=\"elementor-column-wrap  elementor-element-populated\">\n\t\t\t\t\t<div class=\"elementor-widget-wrap\">\n\t\t\t\t<div class=\"elementor-element elementor-element-d5e0473 elementor-widget elementor-widget-text-editor\" data-id=\"d5e0473\" data-element_type=\"widget\" data-widget_type=\"text-editor.default\">\n\t\t\t\t<div class=\"elementor-widget-container\">\n\t\t\t\t\t<div class=\"elementor-text-editor elementor-clearfix\"><p><em><span style=\"font-family: Arial, sans-serif;\">Cette ann\u00e9e encore nos \u00e9l\u00e8ves se sont brillamment illustr\u00e9s dans le concours de dessin organis\u00e9 par le <b>C<\/b>onseil d&rsquo;<b>A<\/b>rchitecture, d&rsquo;<b>U<\/b>rbanisme et de l&rsquo;<b>E<\/b>nvironnement des Landes.<\/span><\/em><\/p><\/div>\n\t\t\t\t<\/div>\n\t\t\t\t<\/div>\n\t\t\t\t\t\t<\/div>\n\t\t\t<\/div>\n\t\t<\/div>\n\t\t\t\t\t\t<\/div>\n\t\t\t<\/div>\n\t\t<\/section>\n\t\t\t\t<section class=\"elementor-element elementor-element-684a90e elementor-section-boxed elementor-section-height-default elementor-section-height-default elementor-section elementor-top-section\" data-id=\"684a90e\" data-element_type=\"section\">\n\t\t\t\t\t\t<div class=\"elementor-container elementor-column-gap-default\">\n\t\t\t\t<div class=\"elementor-row\">\n\t\t\t\t<div class=\"elementor-element elementor-element-f7d1d42 elementor-column elementor-col-50 elementor-top-column\" data-id=\"f7d1d42\" data-element_type=\"column\">\n\t\t\t<div class=\"elementor-column-wrap  elementor-element-populated\">\n\t\t\t\t\t<div class=\"elementor-widget-wrap\">\n\t\t\t\t<div class=\"elementor-element elementor-element-130aa32 elementor-widget elementor-widget-text-editor\" data-id=\"130aa32\" data-element_type=\"widget\" data-widget_type=\"text-editor.default\">\n\t\t\t\t<div class=\"elementor-widget-container\">\n\t\t\t\t\t<div class=\"elementor-text-editor elementor-clearfix\"><p align=\"JUSTIFY\"><em><span style=\"font-family: Arial, sans-serif;\">\u00a0Le concours intitul\u00e9 \u00ab\u00a0la maison pirouette\u00a0\u00bb avait pour\u00a0 but de faire r\u00e9fl\u00e9chir les \u00e9l\u00e8ves sur le th\u00e8me de l&rsquo;accessibilit\u00e9 pour tout handicap.<\/span><\/em><\/p><p align=\"JUSTIFY\"><em><span style=\"font-family: Arial, sans-serif;\">Ce concours a \u00e9t\u00e9 propos\u00e9 aux \u00e9l\u00e8ves de 5\u00e8mes et pr\u00e9par\u00e9 en Enseignement Moral et Civique et en Arts Plastiques, il fait \u00e9galement \u00e9cho au th\u00e8me de l&rsquo;ann\u00e9e de l&rsquo; \u00e9co &#8211; coll\u00e8ge : la solidarit\u00e9. Le 1er prix a \u00e9t\u00e9 attribu\u00e9 \u00e0 Alexandra, le 2<sup>nd<\/sup> \u00e0 Amaury et le 3\u00e8me\u00a0\u00e0 Pauline. <\/span><\/em><\/p><p align=\"JUSTIFY\"><em><span style=\"font-family: Arial, sans-serif;\">Bravo \u00e0 eux pour leur investissement, et leurs talents.\u00a0\u00bb Ils seront tr\u00e8s prochainement r\u00e9compens\u00e9s par les responsables du CAUE.<\/span><\/em><\/p><\/div>\n\t\t\t\t<\/div>\n\t\t\t\t<\/div>\n\t\t\t\t\t\t<\/div>\n\t\t\t<\/div>\n\t\t<\/div>\n\t\t\t\t<div class=\"elementor-element elementor-element-e8235d2 elementor-column elementor-col-50 elementor-top-column\" data-id=\"e8235d2\" data-element_type=\"column\">\n\t\t\t<div class=\"elementor-column-wrap  elementor-element-populated\">\n\t\t\t\t\t<div class=\"elementor-widget-wrap\">\n\t\t\t\t<div class=\"elementor-element elementor-element-16f0ee3 elementor-arrows-position-inside elementor-widget elementor-widget-image-carousel\" data-id=\"16f0ee3\" data-element_type=\"widget\" data-settings=\"{&quot;slides_to_show&quot;:&quot;1&quot;,&quot;navigation&quot;:&quot;arrows&quot;,&quot;pause_on_hover&quot;:&quot;yes&quot;,&quot;autoplay&quot;:&quot;yes&quot;,&quot;autoplay_speed&quot;:5000,&quot;infinite&quot;:&quot;yes&quot;,&quot;effect&quot;:&quot;slide&quot;,&quot;speed&quot;:500,&quot;direction&quot;:&quot;ltr&quot;}\" data-widget_type=\"image-carousel.default\">\n\t\t\t\t<div class=\"elementor-widget-container\">\n\t\t\t\t\t<div class=\"elementor-image-carousel-wrapper swiper-container\" dir=\"ltr\">\n\t\t\t<div class=\"elementor-image-carousel swiper-wrapper swiper-image-stretch\">\n\t\t\t\t<div class=\"swiper-slide\"><a href=\"https:\/\/www.saint-joseph-tartas.com\/wp-content\/uploads\/2022\/03\/Alexandra-1-e1646770247282.jpg\" data-elementor-open-lightbox=\"default\" data-elementor-lightbox-slideshow=\"16f0ee3\" data-elementor-lightbox-index=\"0\"><figure class=\"swiper-slide-inner\"><img decoding=\"async\" class=\"swiper-slide-image\" src=\"https:\/\/www.saint-joseph-tartas.com\/wp-content\/uploads\/2022\/03\/Alexandra-1-300x225.jpg\" alt=\"Alexandra (1)\" \/><\/figure><\/a><\/div><div class=\"swiper-slide\"><a href=\"https:\/\/www.saint-joseph-tartas.com\/wp-content\/uploads\/2022\/03\/Amaury-1-rotated.jpg\" data-elementor-open-lightbox=\"default\" data-elementor-lightbox-slideshow=\"16f0ee3\" data-elementor-lightbox-index=\"1\"><figure class=\"swiper-slide-inner\"><img decoding=\"async\" class=\"swiper-slide-image\" src=\"https:\/\/www.saint-joseph-tartas.com\/wp-content\/uploads\/2022\/03\/Amaury-1-300x225.jpg\" alt=\"Amaury (1)\" \/><\/figure><\/a><\/div><div class=\"swiper-slide\"><a href=\"https:\/\/www.saint-joseph-tartas.com\/wp-content\/uploads\/2022\/03\/Pauline-1.jpg\" data-elementor-open-lightbox=\"default\" data-elementor-lightbox-slideshow=\"16f0ee3\" data-elementor-lightbox-index=\"2\"><figure class=\"swiper-slide-inner\"><img decoding=\"async\" class=\"swiper-slide-image\" src=\"https:\/\/www.saint-joseph-tartas.com\/wp-content\/uploads\/2022\/03\/Pauline-1-300x216.jpg\" alt=\"Pauline (1)\" \/><\/figure><\/a><\/div>\t\t\t<\/div>\n\t\t\t\t\t\t\t\t\t\t\t\t\t\t\t\t<div class=\"elementor-swiper-button elementor-swiper-button-prev\">\n\t\t\t\t\t\t<i class=\"eicon-chevron-left\" aria-hidden=\"true\"><\/i>\n\t\t\t\t\t\t<span class=\"elementor-screen-only\">Pr\u00e9c\u00e9dent<\/span>\n\t\t\t\t\t<\/div>\n\t\t\t\t\t<div class=\"elementor-swiper-button elementor-swiper-button-next\">\n\t\t\t\t\t\t<i class=\"eicon-chevron-right\" aria-hidden=\"true\"><\/i>\n\t\t\t\t\t\t<span class=\"elementor-screen-only\">Suivant<\/span>\n\t\t\t\t\t<\/div>\n\t\t\t\t\t\t\t\t\t<\/div>\n\t\t\t\t<\/div>\n\t\t\t\t<\/div>\n\t\t\t\t\t\t<\/div>\n\t\t\t<\/div>\n\t\t<\/div>\n\t\t\t\t\t\t<\/div>\n\t\t\t<\/div>\n\t\t<\/section>\n\t\t\t\t\t\t<\/div>\n\t\t\t<\/div>\n\t\t<\/div>\n\t\t","protected":false},"excerpt":{"rendered":"<p>Cette ann\u00e9e encore nos \u00e9l\u00e8ves se sont brillamment illustr\u00e9s dans le concours de dessin organis\u00e9 par le Conseil d&rsquo;Architecture, d&rsquo;Urbanisme et de l&rsquo;Environnement des Landes. &nbsp;Le concours intitul\u00e9 \u00ab\u00a0la maison <a class=\"more-link\" href=\"https:\/\/www.saint-joseph-tartas.com\/?p=5726\">Lire la suite<\/a><\/p>\n","protected":false},"author":3,"featured_media":5723,"comment_status":"closed","ping_status":"closed","sticky":false,"template":"","format":"standard","meta":{"footnotes":""},"categories":[4,9],"tags":[],"class_list":["post-5726","post","type-post","status-publish","format-standard","has-post-thumbnail","hentry","category-college","category-eco-college"],"_links":{"self":[{"href":"https:\/\/www.saint-joseph-tartas.com\/index.php?rest_route=\/wp\/v2\/posts\/5726","targetHints":{"allow":["GET"]}}],"collection":[{"href":"https:\/\/www.saint-joseph-tartas.com\/index.php?rest_route=\/wp\/v2\/posts"}],"about":[{"href":"https:\/\/www.saint-joseph-tartas.com\/index.php?rest_route=\/wp\/v2\/types\/post"}],"author":[{"embeddable":true,"href":"https:\/\/www.saint-joseph-tartas.com\/index.php?rest_route=\/wp\/v2\/users\/3"}],"replies":[{"embeddable":true,"href":"https:\/\/www.saint-joseph-tartas.com\/index.php?rest_route=%2Fwp%2Fv2%2Fcomments&post=5726"}],"version-history":[{"count":7,"href":"https:\/\/www.saint-joseph-tartas.com\/index.php?rest_route=\/wp\/v2\/posts\/5726\/revisions"}],"predecessor-version":[{"id":5733,"href":"https:\/\/www.saint-joseph-tartas.com\/index.php?rest_route=\/wp\/v2\/posts\/5726\/revisions\/5733"}],"wp:featuredmedia":[{"embeddable":true,"href":"https:\/\/www.saint-joseph-tartas.com\/index.php?rest_route=\/wp\/v2\/media\/5723"}],"wp:attachment":[{"href":"https:\/\/www.saint-joseph-tartas.com\/index.php?rest_route=%2Fwp%2Fv2%2Fmedia&parent=5726"}],"wp:term":[{"taxonomy":"category","embeddable":true,"href":"https:\/\/www.saint-joseph-tartas.com\/index.php?rest_route=%2Fwp%2Fv2%2Fcategories&post=5726"},{"taxonomy":"post_tag","embeddable":true,"href":"https:\/\/www.saint-joseph-tartas.com\/index.php?rest_route=%2Fwp%2Fv2%2Ftags&post=5726"}],"curies":[{"name":"wp","href":"https:\/\/api.w.org\/{rel}","templated":true}]}}