{"id":5793,"date":"2022-04-20T13:57:37","date_gmt":"2022-04-20T11:57:37","guid":{"rendered":"https:\/\/www.saint-joseph-tartas.com\/?p=5793"},"modified":"2022-04-20T14:24:25","modified_gmt":"2022-04-20T12:24:25","slug":"la-celebration-de-paques","status":"publish","type":"post","link":"https:\/\/www.saint-joseph-tartas.com\/?p=5793","title":{"rendered":"La c\u00e9l\u00e9bration de P\u00e2ques"},"content":{"rendered":"\t\t<div data-elementor-type=\"wp-post\" data-elementor-id=\"5793\" class=\"elementor elementor-5793\" data-elementor-settings=\"[]\">\n\t\t\t<div class=\"elementor-inner\">\n\t\t\t\t<div class=\"elementor-section-wrap\">\n\t\t\t\t\t\t\t<section class=\"elementor-element elementor-element-9536b76 elementor-section-boxed elementor-section-height-default elementor-section-height-default elementor-section elementor-top-section\" data-id=\"9536b76\" data-element_type=\"section\">\n\t\t\t\t\t\t<div class=\"elementor-container elementor-column-gap-default\">\n\t\t\t\t<div class=\"elementor-row\">\n\t\t\t\t<div class=\"elementor-element elementor-element-8d2e598 elementor-column elementor-col-100 elementor-top-column\" data-id=\"8d2e598\" data-element_type=\"column\">\n\t\t\t<div class=\"elementor-column-wrap  elementor-element-populated\">\n\t\t\t\t\t<div class=\"elementor-widget-wrap\">\n\t\t\t\t<div class=\"elementor-element elementor-element-013ced7 elementor-widget elementor-widget-text-editor\" data-id=\"013ced7\" data-element_type=\"widget\" data-widget_type=\"text-editor.default\">\n\t\t\t\t<div class=\"elementor-widget-container\">\n\t\t\t\t\t<div class=\"elementor-text-editor elementor-clearfix\"><p>Durant les heures de Pastorale, nous avons explor\u00e9 les diff\u00e9rents \u00e9v\u00e9nements qui jalonnent la vie des Chr\u00e9tiens durant le temps Pascal : du Mercredi des Cendres, \u00e0 la mise en croix de J\u00e9sus. <br \/>Nous avons parcouru l&rsquo;Ancien Testament pour aller \u00e0 la rencontre des H\u00e9breux au temps de Mo\u00efse. Nous nous sommes pench\u00e9 sur l&rsquo;historique de la P\u00e2que Juive, qui nous a emmen\u00e9 \u00e0 J\u00e9rusalem sur les pas de J\u00e9sus. <br \/>L&rsquo;accueil qui lui a \u00e9t\u00e9 fait le jour des rameaux ; la C\u00e8ne, ce temps o\u00f9 il a instaur\u00e9 l&rsquo;eucharistie lors de son dernier repas et qui nous a permis de d\u00e9couvrir que dans notre vie quotidienne il nous arrive de vivre des moments de partage dans ce m\u00eame esprit fraternel et convivial.<br \/>Sa condamnation qui l&rsquo;a conduit sur la croix.<br \/>Les questions que nous nous sommes pos\u00e9es sur la r\u00e9surrection et la Croyance qui reste un myst\u00e8re pour certains. <br \/>Cette ann\u00e9e, le Chemin de Croix avait pour but de nous faire r\u00e9fl\u00e9chir sur le savoir vivre ensemble et le respect de l&rsquo;autre. <br \/>De nous faire prendre conscience que nous pouvons nous retrouver seul face aux moqueries, aux insultes, aux accusations, aux rumeurs et \u00e0 la violence. <br \/>Que nous pouvons parfois prendre la d\u00e9fense de quelqu&rsquo;un face \u00e0 un groupe virulent ; de devoir consoler et \u00eatre bienveillant ; de jouer le r\u00f4le de conciliateur, m\u00eame si cela n&rsquo;est pas facile. <br \/>Que s&rsquo;il nous arrive de tomber, nous pouvons trouver la force de nous relever et que si l&rsquo;on nous fait chuter que nous arrivons \u00e0 pardonner.<br \/>Enfin, qu&rsquo;en cette f\u00eate de P\u00e2ques nous soyons des personnes vivant dans le d\u00e9sir de vivre heureux, tout en ayant une pens\u00e9e pour ceux qui vivent dans la solitude, le d\u00e9sespoir, la mis\u00e8re ou dans la guerre.<br \/>Le b\u00e9n\u00e9fice de l&rsquo;action \u00ab bol de riz \u00bb cette ann\u00e9e, sera confi\u00e9 \u00e0 la s\u00e9curit\u00e9 civile pour apporter de l&rsquo;aide aux d\u00e9munis Ukrainiens.<\/p><\/div>\n\t\t\t\t<\/div>\n\t\t\t\t<\/div>\n\t\t\t\t\t\t<\/div>\n\t\t\t<\/div>\n\t\t<\/div>\n\t\t\t\t\t\t<\/div>\n\t\t\t<\/div>\n\t\t<\/section>\n\t\t\t\t<section class=\"elementor-element elementor-element-d3256e7 elementor-section-boxed elementor-section-height-default elementor-section-height-default elementor-section elementor-top-section\" data-id=\"d3256e7\" data-element_type=\"section\">\n\t\t\t\t\t\t<div class=\"elementor-container elementor-column-gap-default\">\n\t\t\t\t<div class=\"elementor-row\">\n\t\t\t\t<div class=\"elementor-element elementor-element-e9df358 elementor-column elementor-col-100 elementor-top-column\" data-id=\"e9df358\" data-element_type=\"column\">\n\t\t\t<div class=\"elementor-column-wrap  elementor-element-populated\">\n\t\t\t\t\t<div class=\"elementor-widget-wrap\">\n\t\t\t\t<div class=\"elementor-element elementor-element-1746d65 elementor-arrows-position-inside elementor-widget elementor-widget-image-carousel\" data-id=\"1746d65\" data-element_type=\"widget\" data-settings=\"{&quot;slides_to_show&quot;:&quot;1&quot;,&quot;navigation&quot;:&quot;arrows&quot;,&quot;pause_on_hover&quot;:&quot;yes&quot;,&quot;autoplay&quot;:&quot;yes&quot;,&quot;autoplay_speed&quot;:5000,&quot;infinite&quot;:&quot;yes&quot;,&quot;effect&quot;:&quot;slide&quot;,&quot;speed&quot;:500,&quot;direction&quot;:&quot;ltr&quot;}\" data-widget_type=\"image-carousel.default\">\n\t\t\t\t<div class=\"elementor-widget-container\">\n\t\t\t\t\t<div class=\"elementor-image-carousel-wrapper swiper-container\" dir=\"ltr\">\n\t\t\t<div class=\"elementor-image-carousel swiper-wrapper swiper-image-stretch\">\n\t\t\t\t<div class=\"swiper-slide\"><a href=\"https:\/\/www.saint-joseph-tartas.com\/wp-content\/uploads\/2022\/04\/1-scaled.jpg\" data-elementor-open-lightbox=\"default\" data-elementor-lightbox-slideshow=\"1746d65\" data-elementor-lightbox-index=\"0\"><figure class=\"swiper-slide-inner\"><img decoding=\"async\" class=\"swiper-slide-image\" src=\"https:\/\/www.saint-joseph-tartas.com\/wp-content\/uploads\/2022\/04\/1-300x200.jpg\" alt=\"1\" \/><\/figure><\/a><\/div><div class=\"swiper-slide\"><a href=\"https:\/\/www.saint-joseph-tartas.com\/wp-content\/uploads\/2022\/04\/2-scaled.jpg\" data-elementor-open-lightbox=\"default\" data-elementor-lightbox-slideshow=\"1746d65\" data-elementor-lightbox-index=\"1\"><figure class=\"swiper-slide-inner\"><img decoding=\"async\" class=\"swiper-slide-image\" src=\"https:\/\/www.saint-joseph-tartas.com\/wp-content\/uploads\/2022\/04\/2-300x200.jpg\" alt=\"2\" \/><\/figure><\/a><\/div><div class=\"swiper-slide\"><a href=\"https:\/\/www.saint-joseph-tartas.com\/wp-content\/uploads\/2022\/04\/3-scaled.jpg\" data-elementor-open-lightbox=\"default\" data-elementor-lightbox-slideshow=\"1746d65\" data-elementor-lightbox-index=\"2\"><figure class=\"swiper-slide-inner\"><img decoding=\"async\" class=\"swiper-slide-image\" src=\"https:\/\/www.saint-joseph-tartas.com\/wp-content\/uploads\/2022\/04\/3-300x200.jpg\" alt=\"3\" \/><\/figure><\/a><\/div><div class=\"swiper-slide\"><a href=\"https:\/\/www.saint-joseph-tartas.com\/wp-content\/uploads\/2022\/04\/4-scaled.jpg\" data-elementor-open-lightbox=\"default\" data-elementor-lightbox-slideshow=\"1746d65\" data-elementor-lightbox-index=\"3\"><figure class=\"swiper-slide-inner\"><img decoding=\"async\" class=\"swiper-slide-image\" src=\"https:\/\/www.saint-joseph-tartas.com\/wp-content\/uploads\/2022\/04\/4-300x200.jpg\" alt=\"4\" \/><\/figure><\/a><\/div><div class=\"swiper-slide\"><a href=\"https:\/\/www.saint-joseph-tartas.com\/wp-content\/uploads\/2022\/04\/5-scaled.jpg\" data-elementor-open-lightbox=\"default\" data-elementor-lightbox-slideshow=\"1746d65\" data-elementor-lightbox-index=\"4\"><figure class=\"swiper-slide-inner\"><img decoding=\"async\" class=\"swiper-slide-image\" src=\"https:\/\/www.saint-joseph-tartas.com\/wp-content\/uploads\/2022\/04\/5-300x200.jpg\" alt=\"5\" \/><\/figure><\/a><\/div><div class=\"swiper-slide\"><a href=\"https:\/\/www.saint-joseph-tartas.com\/wp-content\/uploads\/2022\/04\/6-scaled-e1650457424322.jpg\" data-elementor-open-lightbox=\"default\" data-elementor-lightbox-slideshow=\"1746d65\" data-elementor-lightbox-index=\"5\"><figure class=\"swiper-slide-inner\"><img decoding=\"async\" class=\"swiper-slide-image\" src=\"https:\/\/www.saint-joseph-tartas.com\/wp-content\/uploads\/2022\/04\/6-300x200.jpg\" alt=\"6\" \/><\/figure><\/a><\/div><div class=\"swiper-slide\"><a href=\"https:\/\/www.saint-joseph-tartas.com\/wp-content\/uploads\/2022\/04\/7-scaled.jpg\" data-elementor-open-lightbox=\"default\" data-elementor-lightbox-slideshow=\"1746d65\" data-elementor-lightbox-index=\"6\"><figure class=\"swiper-slide-inner\"><img decoding=\"async\" class=\"swiper-slide-image\" src=\"https:\/\/www.saint-joseph-tartas.com\/wp-content\/uploads\/2022\/04\/7-300x200.jpg\" alt=\"7\" \/><\/figure><\/a><\/div><div class=\"swiper-slide\"><a href=\"https:\/\/www.saint-joseph-tartas.com\/wp-content\/uploads\/2022\/04\/8-scaled.jpg\" data-elementor-open-lightbox=\"default\" data-elementor-lightbox-slideshow=\"1746d65\" data-elementor-lightbox-index=\"7\"><figure class=\"swiper-slide-inner\"><img decoding=\"async\" class=\"swiper-slide-image\" src=\"https:\/\/www.saint-joseph-tartas.com\/wp-content\/uploads\/2022\/04\/8-300x200.jpg\" alt=\"8\" \/><\/figure><\/a><\/div>\t\t\t<\/div>\n\t\t\t\t\t\t\t\t\t\t\t\t\t\t\t\t<div class=\"elementor-swiper-button elementor-swiper-button-prev\">\n\t\t\t\t\t\t<i class=\"eicon-chevron-left\" aria-hidden=\"true\"><\/i>\n\t\t\t\t\t\t<span class=\"elementor-screen-only\">Pr\u00e9c\u00e9dent<\/span>\n\t\t\t\t\t<\/div>\n\t\t\t\t\t<div class=\"elementor-swiper-button elementor-swiper-button-next\">\n\t\t\t\t\t\t<i class=\"eicon-chevron-right\" aria-hidden=\"true\"><\/i>\n\t\t\t\t\t\t<span class=\"elementor-screen-only\">Suivant<\/span>\n\t\t\t\t\t<\/div>\n\t\t\t\t\t\t\t\t\t<\/div>\n\t\t\t\t<\/div>\n\t\t\t\t<\/div>\n\t\t\t\t\t\t<\/div>\n\t\t\t<\/div>\n\t\t<\/div>\n\t\t\t\t\t\t<\/div>\n\t\t\t<\/div>\n\t\t<\/section>\n\t\t\t\t\t\t<\/div>\n\t\t\t<\/div>\n\t\t<\/div>\n\t\t","protected":false},"excerpt":{"rendered":"<p>Durant les heures de Pastorale, nous avons explor\u00e9 les diff\u00e9rents \u00e9v\u00e9nements qui jalonnent la vie des Chr\u00e9tiens durant le temps Pascal : du Mercredi des Cendres, \u00e0 la mise en <a class=\"more-link\" href=\"https:\/\/www.saint-joseph-tartas.com\/?p=5793\">Lire la suite<\/a><\/p>\n","protected":false},"author":3,"featured_media":5804,"comment_status":"closed","ping_status":"closed","sticky":false,"template":"","format":"standard","meta":{"footnotes":""},"categories":[4],"tags":[],"class_list":["post-5793","post","type-post","status-publish","format-standard","has-post-thumbnail","hentry","category-college"],"_links":{"self":[{"href":"https:\/\/www.saint-joseph-tartas.com\/index.php?rest_route=\/wp\/v2\/posts\/5793","targetHints":{"allow":["GET"]}}],"collection":[{"href":"https:\/\/www.saint-joseph-tartas.com\/index.php?rest_route=\/wp\/v2\/posts"}],"about":[{"href":"https:\/\/www.saint-joseph-tartas.com\/index.php?rest_route=\/wp\/v2\/types\/post"}],"author":[{"embeddable":true,"href":"https:\/\/www.saint-joseph-tartas.com\/index.php?rest_route=\/wp\/v2\/users\/3"}],"replies":[{"embeddable":true,"href":"https:\/\/www.saint-joseph-tartas.com\/index.php?rest_route=%2Fwp%2Fv2%2Fcomments&post=5793"}],"version-history":[{"count":5,"href":"https:\/\/www.saint-joseph-tartas.com\/index.php?rest_route=\/wp\/v2\/posts\/5793\/revisions"}],"predecessor-version":[{"id":6224,"href":"https:\/\/www.saint-joseph-tartas.com\/index.php?rest_route=\/wp\/v2\/posts\/5793\/revisions\/6224"}],"wp:featuredmedia":[{"embeddable":true,"href":"https:\/\/www.saint-joseph-tartas.com\/index.php?rest_route=\/wp\/v2\/media\/5804"}],"wp:attachment":[{"href":"https:\/\/www.saint-joseph-tartas.com\/index.php?rest_route=%2Fwp%2Fv2%2Fmedia&parent=5793"}],"wp:term":[{"taxonomy":"category","embeddable":true,"href":"https:\/\/www.saint-joseph-tartas.com\/index.php?rest_route=%2Fwp%2Fv2%2Fcategories&post=5793"},{"taxonomy":"post_tag","embeddable":true,"href":"https:\/\/www.saint-joseph-tartas.com\/index.php?rest_route=%2Fwp%2Fv2%2Ftags&post=5793"}],"curies":[{"name":"wp","href":"https:\/\/api.w.org\/{rel}","templated":true}]}}