{"id":659,"date":"2019-11-27T18:31:03","date_gmt":"2019-11-27T17:31:03","guid":{"rendered":"https:\/\/www.saint-joseph-tartas.com\/?p=659"},"modified":"2020-01-20T15:45:21","modified_gmt":"2020-01-20T14:45:21","slug":"sortie-cinema-pour-les-4emes","status":"publish","type":"post","link":"https:\/\/www.saint-joseph-tartas.com\/?p=659","title":{"rendered":"Sortie cin\u00e9ma pour les 4\u00e8mes"},"content":{"rendered":"\t\t<div data-elementor-type=\"wp-post\" data-elementor-id=\"659\" class=\"elementor elementor-659\" data-elementor-settings=\"[]\">\n\t\t\t<div class=\"elementor-inner\">\n\t\t\t\t<div class=\"elementor-section-wrap\">\n\t\t\t\t\t\t\t<section class=\"elementor-element elementor-element-f594806 elementor-section-boxed elementor-section-height-default elementor-section-height-default elementor-section elementor-top-section\" data-id=\"f594806\" data-element_type=\"section\">\n\t\t\t\t\t\t<div class=\"elementor-container elementor-column-gap-default\">\n\t\t\t\t<div class=\"elementor-row\">\n\t\t\t\t<div class=\"elementor-element elementor-element-fc116a3 elementor-column elementor-col-50 elementor-top-column\" data-id=\"fc116a3\" data-element_type=\"column\">\n\t\t\t<div class=\"elementor-column-wrap  elementor-element-populated\">\n\t\t\t\t\t<div class=\"elementor-widget-wrap\">\n\t\t\t\t<div class=\"elementor-element elementor-element-8c5b9c2 elementor-widget elementor-widget-image\" data-id=\"8c5b9c2\" data-element_type=\"widget\" data-widget_type=\"image.default\">\n\t\t\t\t<div class=\"elementor-widget-container\">\n\t\t\t\t\t<div class=\"elementor-image\">\n\t\t\t\t\t\t\t\t\t\t<img loading=\"lazy\" decoding=\"async\" width=\"380\" height=\"350\" src=\"https:\/\/www.saint-joseph-tartas.com\/wp-content\/uploads\/2019\/11\/affiche-enfance-clandestine.png\" class=\"attachment-large size-large\" alt=\"\" srcset=\"https:\/\/www.saint-joseph-tartas.com\/wp-content\/uploads\/2019\/11\/affiche-enfance-clandestine.png 380w, https:\/\/www.saint-joseph-tartas.com\/wp-content\/uploads\/2019\/11\/affiche-enfance-clandestine-300x276.png 300w\" sizes=\"auto, (max-width: 380px) 100vw, 380px\" \/>\t\t\t\t\t\t\t\t\t\t\t<\/div>\n\t\t\t\t<\/div>\n\t\t\t\t<\/div>\n\t\t\t\t\t\t<\/div>\n\t\t\t<\/div>\n\t\t<\/div>\n\t\t\t\t<div class=\"elementor-element elementor-element-ce1218d elementor-column elementor-col-50 elementor-top-column\" data-id=\"ce1218d\" data-element_type=\"column\">\n\t\t\t<div class=\"elementor-column-wrap  elementor-element-populated\">\n\t\t\t\t\t<div class=\"elementor-widget-wrap\">\n\t\t\t\t<div class=\"elementor-element elementor-element-2816e3c elementor-widget elementor-widget-heading\" data-id=\"2816e3c\" data-element_type=\"widget\" data-widget_type=\"heading.default\">\n\t\t\t\t<div class=\"elementor-widget-container\">\n\t\t\t<h2 class=\"elementor-heading-title elementor-size-medium\">Dans le cadre du projet Cin\u00e9ma, les 4\u00e8mes sont all\u00e9s au cin\u00e9ma de Pontonx.<\/h2>\t\t<\/div>\n\t\t\t\t<\/div>\n\t\t\t\t\t\t<\/div>\n\t\t\t<\/div>\n\t\t<\/div>\n\t\t\t\t\t\t<\/div>\n\t\t\t<\/div>\n\t\t<\/section>\n\t\t\t\t<section class=\"elementor-element elementor-element-4c172ef elementor-section-boxed elementor-section-height-default elementor-section-height-default elementor-section elementor-top-section\" data-id=\"4c172ef\" data-element_type=\"section\">\n\t\t\t\t\t\t<div class=\"elementor-container elementor-column-gap-default\">\n\t\t\t\t<div class=\"elementor-row\">\n\t\t\t\t<div class=\"elementor-element elementor-element-7b7d7e9 elementor-column elementor-col-100 elementor-top-column\" data-id=\"7b7d7e9\" data-element_type=\"column\">\n\t\t\t<div class=\"elementor-column-wrap  elementor-element-populated\">\n\t\t\t\t\t<div class=\"elementor-widget-wrap\">\n\t\t\t\t<div class=\"elementor-element elementor-element-ac72087 elementor-widget elementor-widget-text-editor\" data-id=\"ac72087\" data-element_type=\"widget\" data-widget_type=\"text-editor.default\">\n\t\t\t\t<div class=\"elementor-widget-container\">\n\t\t\t\t\t<div class=\"elementor-text-editor elementor-clearfix\"><p>Le mardi 12 novembre, les \u00e9l\u00e8ves des deux classes de quatri\u00e8me se sont rendus au cin\u00e9ma de Pontonx-sur-Adour, dans le cadre du projet \u00ab coll\u00e8ge au cin\u00e9ma \u00bb, qui nous am\u00e8nera \u00e0 voir un film chaque trimestre.<br \/>Pour cette premi\u00e8re p\u00e9riode, les \u00e9l\u00e8ves ont assist\u00e9 \u00e0 la projection du film \u00ab Enfance clandestine \u00bb. Ce film argentin de 2012 porte sur la dictature militaire argentine \u00e0 la fin des ann\u00e9es 1970, en mettant en avant la vie d\u2019un enfant contraint \u00e0 vivre dans la clandestinit\u00e9, ses parents \u00e9tant membres d\u2019un groupe de r\u00e9sistance. Cette belle histoire sur l\u2019enfance fait \u00e9cho \u00e0 \u00ab l\u2019affaire des enfants vol\u00e9s \u00bb par la dictature argentine. Ce film donne maintenant lieu \u00e0 un travail des \u00e9l\u00e8ves, qui sont charg\u00e9s de produire un travail sur cette p\u00e9riode de troubles en Am\u00e9rique du Sud. <\/p><\/div>\n\t\t\t\t<\/div>\n\t\t\t\t<\/div>\n\t\t\t\t\t\t<\/div>\n\t\t\t<\/div>\n\t\t<\/div>\n\t\t\t\t\t\t<\/div>\n\t\t\t<\/div>\n\t\t<\/section>\n\t\t\t\t\t\t<\/div>\n\t\t\t<\/div>\n\t\t<\/div>\n\t\t","protected":false},"excerpt":{"rendered":"<p>Dans le cadre du projet Cin\u00e9ma, les 4\u00e8mes sont all\u00e9s au cin\u00e9ma de Pontonx. Le mardi 12 novembre, les \u00e9l\u00e8ves des deux classes de quatri\u00e8me se sont rendus au cin\u00e9ma <a class=\"more-link\" href=\"https:\/\/www.saint-joseph-tartas.com\/?p=659\">Lire la suite<\/a><\/p>\n","protected":false},"author":3,"featured_media":0,"comment_status":"open","ping_status":"open","sticky":false,"template":"","format":"standard","meta":{"footnotes":""},"categories":[4],"tags":[],"class_list":["post-659","post","type-post","status-publish","format-standard","hentry","category-college"],"_links":{"self":[{"href":"https:\/\/www.saint-joseph-tartas.com\/index.php?rest_route=\/wp\/v2\/posts\/659","targetHints":{"allow":["GET"]}}],"collection":[{"href":"https:\/\/www.saint-joseph-tartas.com\/index.php?rest_route=\/wp\/v2\/posts"}],"about":[{"href":"https:\/\/www.saint-joseph-tartas.com\/index.php?rest_route=\/wp\/v2\/types\/post"}],"author":[{"embeddable":true,"href":"https:\/\/www.saint-joseph-tartas.com\/index.php?rest_route=\/wp\/v2\/users\/3"}],"replies":[{"embeddable":true,"href":"https:\/\/www.saint-joseph-tartas.com\/index.php?rest_route=%2Fwp%2Fv2%2Fcomments&post=659"}],"version-history":[{"count":7,"href":"https:\/\/www.saint-joseph-tartas.com\/index.php?rest_route=\/wp\/v2\/posts\/659\/revisions"}],"predecessor-version":[{"id":1947,"href":"https:\/\/www.saint-joseph-tartas.com\/index.php?rest_route=\/wp\/v2\/posts\/659\/revisions\/1947"}],"wp:attachment":[{"href":"https:\/\/www.saint-joseph-tartas.com\/index.php?rest_route=%2Fwp%2Fv2%2Fmedia&parent=659"}],"wp:term":[{"taxonomy":"category","embeddable":true,"href":"https:\/\/www.saint-joseph-tartas.com\/index.php?rest_route=%2Fwp%2Fv2%2Fcategories&post=659"},{"taxonomy":"post_tag","embeddable":true,"href":"https:\/\/www.saint-joseph-tartas.com\/index.php?rest_route=%2Fwp%2Fv2%2Ftags&post=659"}],"curies":[{"name":"wp","href":"https:\/\/api.w.org\/{rel}","templated":true}]}}