{"id":681,"date":"2019-11-28T17:04:19","date_gmt":"2019-11-28T16:04:19","guid":{"rendered":"https:\/\/www.saint-joseph-tartas.com\/?p=681"},"modified":"2020-01-20T15:44:53","modified_gmt":"2020-01-20T14:44:53","slug":"cross-departemental","status":"publish","type":"post","link":"https:\/\/www.saint-joseph-tartas.com\/?p=681","title":{"rendered":"Cross d\u00e9partemental"},"content":{"rendered":"\t\t<div data-elementor-type=\"wp-post\" data-elementor-id=\"681\" class=\"elementor elementor-681\" data-elementor-settings=\"[]\">\n\t\t\t<div class=\"elementor-inner\">\n\t\t\t\t<div class=\"elementor-section-wrap\">\n\t\t\t\t\t\t\t<section class=\"elementor-element elementor-element-2d5c446 elementor-section-boxed elementor-section-height-default elementor-section-height-default elementor-section elementor-top-section\" data-id=\"2d5c446\" data-element_type=\"section\">\n\t\t\t\t\t\t<div class=\"elementor-container elementor-column-gap-default\">\n\t\t\t\t<div class=\"elementor-row\">\n\t\t\t\t<div class=\"elementor-element elementor-element-41951a1 elementor-column elementor-col-50 elementor-top-column\" data-id=\"41951a1\" data-element_type=\"column\">\n\t\t\t<div class=\"elementor-column-wrap  elementor-element-populated\">\n\t\t\t\t\t<div class=\"elementor-widget-wrap\">\n\t\t\t\t<div class=\"elementor-element elementor-element-ca7d9bf elementor-widget elementor-widget-image\" data-id=\"ca7d9bf\" data-element_type=\"widget\" data-widget_type=\"image.default\">\n\t\t\t\t<div class=\"elementor-widget-container\">\n\t\t\t\t\t<div class=\"elementor-image\">\n\t\t\t\t\t\t\t\t\t\t<img loading=\"lazy\" decoding=\"async\" width=\"678\" height=\"509\" src=\"https:\/\/www.saint-joseph-tartas.com\/wp-content\/uploads\/2019\/11\/Cross-271119-1024x768.jpg\" class=\"attachment-large size-large\" alt=\"\" srcset=\"https:\/\/www.saint-joseph-tartas.com\/wp-content\/uploads\/2019\/11\/Cross-271119-1024x768.jpg 1024w, https:\/\/www.saint-joseph-tartas.com\/wp-content\/uploads\/2019\/11\/Cross-271119-300x225.jpg 300w, https:\/\/www.saint-joseph-tartas.com\/wp-content\/uploads\/2019\/11\/Cross-271119-768x576.jpg 768w, https:\/\/www.saint-joseph-tartas.com\/wp-content\/uploads\/2019\/11\/Cross-271119-1536x1152.jpg 1536w, https:\/\/www.saint-joseph-tartas.com\/wp-content\/uploads\/2019\/11\/Cross-271119-2048x1536.jpg 2048w\" sizes=\"auto, (max-width: 678px) 100vw, 678px\" \/>\t\t\t\t\t\t\t\t\t\t\t<\/div>\n\t\t\t\t<\/div>\n\t\t\t\t<\/div>\n\t\t\t\t\t\t<\/div>\n\t\t\t<\/div>\n\t\t<\/div>\n\t\t\t\t<div class=\"elementor-element elementor-element-7d86b70 elementor-column elementor-col-50 elementor-top-column\" data-id=\"7d86b70\" data-element_type=\"column\">\n\t\t\t<div class=\"elementor-column-wrap  elementor-element-populated\">\n\t\t\t\t\t<div class=\"elementor-widget-wrap\">\n\t\t\t\t<div class=\"elementor-element elementor-element-451ed73 elementor-widget elementor-widget-heading\" data-id=\"451ed73\" data-element_type=\"widget\" data-widget_type=\"heading.default\">\n\t\t\t\t<div class=\"elementor-widget-container\">\n\t\t\t<h2 class=\"elementor-heading-title elementor-size-medium\">Nos 5 Benjamins ont particip\u00e9 au cross d\u00e9partemental le 27 Novembre \u00e0 Mont de Marsan<\/h2>\t\t<\/div>\n\t\t\t\t<\/div>\n\t\t\t\t\t\t<\/div>\n\t\t\t<\/div>\n\t\t<\/div>\n\t\t\t\t\t\t<\/div>\n\t\t\t<\/div>\n\t\t<\/section>\n\t\t\t\t<section class=\"elementor-element elementor-element-c79b905 elementor-section-boxed elementor-section-height-default elementor-section-height-default elementor-section elementor-top-section\" data-id=\"c79b905\" data-element_type=\"section\">\n\t\t\t\t\t\t<div class=\"elementor-container elementor-column-gap-default\">\n\t\t\t\t<div class=\"elementor-row\">\n\t\t\t\t<div class=\"elementor-element elementor-element-6e7c111 elementor-column elementor-col-100 elementor-top-column\" data-id=\"6e7c111\" data-element_type=\"column\">\n\t\t\t<div class=\"elementor-column-wrap  elementor-element-populated\">\n\t\t\t\t\t<div class=\"elementor-widget-wrap\">\n\t\t\t\t<div class=\"elementor-element elementor-element-cc3f3bc elementor-widget elementor-widget-text-editor\" data-id=\"cc3f3bc\" data-element_type=\"widget\" data-widget_type=\"text-editor.default\">\n\t\t\t\t<div class=\"elementor-widget-container\">\n\t\t\t\t\t<div class=\"elementor-text-editor elementor-clearfix\"><p>Nathan, Angie, Lilou, Mathieu et Gabriel ont particip\u00e9 au cross d\u00e9partemental mercredi 27 novembre et ont affront\u00e9 plusieurs centaines d&rsquo;\u00e9l\u00e8ves issus des coll\u00e8ges des Landes.<\/p><p>Ils ont parcouru pour les gar\u00e7ons 2500m et pour les filles 2200m dans la cat\u00e9gorie benjamins dans un parcours vallonn\u00e9 au Parc de Nahuques.<\/p><p>L&rsquo;\u00e9quipe ne s&rsquo;est malheureusement pas qualifi\u00e9e pour le cross acad\u00e9mique de Marmande en d\u00e9cembre mais n&rsquo;a pas d\u00e9m\u00e9rit\u00e9.<\/p><p>Ils ont dignement\u00a0 repr\u00e9sent\u00e9 l&rsquo;\u00e9tablissement \u00e0 travers leurs efforts et leurs pugnacit\u00e9. Un grand bravo \u00e0 eux.<textarea id=\"ffenetremailtotextArea\"><\/textarea><\/p><\/div>\n\t\t\t\t<\/div>\n\t\t\t\t<\/div>\n\t\t\t\t\t\t<\/div>\n\t\t\t<\/div>\n\t\t<\/div>\n\t\t\t\t\t\t<\/div>\n\t\t\t<\/div>\n\t\t<\/section>\n\t\t\t\t\t\t<\/div>\n\t\t\t<\/div>\n\t\t<\/div>\n\t\t","protected":false},"excerpt":{"rendered":"<p>Nos 5 Benjamins ont particip\u00e9 au cross d\u00e9partemental le 27 Novembre \u00e0 Mont de Marsan Nathan, Angie, Lilou, Mathieu et Gabriel ont particip\u00e9 au cross d\u00e9partemental mercredi 27 novembre et <a class=\"more-link\" href=\"https:\/\/www.saint-joseph-tartas.com\/?p=681\">Lire la suite<\/a><\/p>\n","protected":false},"author":3,"featured_media":0,"comment_status":"closed","ping_status":"closed","sticky":false,"template":"","format":"standard","meta":{"footnotes":""},"categories":[8],"tags":[],"class_list":["post-681","post","type-post","status-publish","format-standard","hentry","category-association-sportive"],"_links":{"self":[{"href":"https:\/\/www.saint-joseph-tartas.com\/index.php?rest_route=\/wp\/v2\/posts\/681","targetHints":{"allow":["GET"]}}],"collection":[{"href":"https:\/\/www.saint-joseph-tartas.com\/index.php?rest_route=\/wp\/v2\/posts"}],"about":[{"href":"https:\/\/www.saint-joseph-tartas.com\/index.php?rest_route=\/wp\/v2\/types\/post"}],"author":[{"embeddable":true,"href":"https:\/\/www.saint-joseph-tartas.com\/index.php?rest_route=\/wp\/v2\/users\/3"}],"replies":[{"embeddable":true,"href":"https:\/\/www.saint-joseph-tartas.com\/index.php?rest_route=%2Fwp%2Fv2%2Fcomments&post=681"}],"version-history":[{"count":10,"href":"https:\/\/www.saint-joseph-tartas.com\/index.php?rest_route=\/wp\/v2\/posts\/681\/revisions"}],"predecessor-version":[{"id":1948,"href":"https:\/\/www.saint-joseph-tartas.com\/index.php?rest_route=\/wp\/v2\/posts\/681\/revisions\/1948"}],"wp:attachment":[{"href":"https:\/\/www.saint-joseph-tartas.com\/index.php?rest_route=%2Fwp%2Fv2%2Fmedia&parent=681"}],"wp:term":[{"taxonomy":"category","embeddable":true,"href":"https:\/\/www.saint-joseph-tartas.com\/index.php?rest_route=%2Fwp%2Fv2%2Fcategories&post=681"},{"taxonomy":"post_tag","embeddable":true,"href":"https:\/\/www.saint-joseph-tartas.com\/index.php?rest_route=%2Fwp%2Fv2%2Ftags&post=681"}],"curies":[{"name":"wp","href":"https:\/\/api.w.org\/{rel}","templated":true}]}}