{"id":7855,"date":"2023-11-01T23:15:08","date_gmt":"2023-11-01T22:15:08","guid":{"rendered":"https:\/\/www.saint-joseph-tartas.com\/?p=7855"},"modified":"2023-11-02T12:34:02","modified_gmt":"2023-11-02T11:34:02","slug":"quand-le-college-rencontre-les-moyennes-et-grandes-sections","status":"publish","type":"post","link":"https:\/\/www.saint-joseph-tartas.com\/?p=7855","title":{"rendered":"Quand le coll\u00e8ge rencontre les moyennes et grandes sections"},"content":{"rendered":"\t\t<div data-elementor-type=\"wp-post\" data-elementor-id=\"7855\" class=\"elementor elementor-7855\" data-elementor-settings=\"[]\">\n\t\t\t<div class=\"elementor-inner\">\n\t\t\t\t<div class=\"elementor-section-wrap\">\n\t\t\t\t\t\t\t<section class=\"elementor-element elementor-element-6439516 elementor-section-boxed elementor-section-height-default elementor-section-height-default elementor-section elementor-top-section\" data-id=\"6439516\" data-element_type=\"section\">\n\t\t\t\t\t\t<div class=\"elementor-container elementor-column-gap-default\">\n\t\t\t\t<div class=\"elementor-row\">\n\t\t\t\t<div class=\"elementor-element elementor-element-22112b6 elementor-column elementor-col-100 elementor-top-column\" data-id=\"22112b6\" data-element_type=\"column\">\n\t\t\t<div class=\"elementor-column-wrap  elementor-element-populated\">\n\t\t\t\t\t<div class=\"elementor-widget-wrap\">\n\t\t\t\t<div class=\"elementor-element elementor-element-0545cd2 elementor-widget elementor-widget-text-editor\" data-id=\"0545cd2\" data-element_type=\"widget\" data-widget_type=\"text-editor.default\">\n\t\t\t\t<div class=\"elementor-widget-container\">\n\t\t\t\t\t<div class=\"elementor-text-editor elementor-clearfix\"><p style=\"text-align: center;\"><strong><span style=\"font-family: Comic Sans MS, cursive; color: #5d00ff;\">Au premier trimestre, les enfants de MS\/GS d\u00e9butent l&rsquo;ann\u00e9e avec une animation qui incite au partage et au d\u00e9veloppement de la motivation.<\/span><\/strong><\/p><p style=\"text-align: center;\"><span style=\"font-family: Comic Sans MS, cursive; color: #5d00ff;\">Cette ann\u00e9e la classe a r\u00e9alis\u00e9 une pieuvre en s\u2019inspirant d\u2019une \u0153uvre g\u00e9ante du n\u00e9erlandais Florentijn HOFMAN. Chaque enfant a fourni un v\u00eatement \u00e0 manche longue rouge ou orange, ou rose,\u00a0 repr\u00e9sentant un tentacule de cette pieuvre artistique. <\/span><\/p><p style=\"text-align: center;\"><span style=\"font-family: Comic Sans MS, cursive; color: #5d00ff;\">De m\u00eame, une lune artistique a \u00e9t\u00e9 r\u00e9alis\u00e9e en classe assortie d\u2019un \u00e9tiquetage des lettres du mot \u00ab\u00a0lune\u00a0\u00bb en \u00e9criture script pour les enfants de GS, et d\u2019un \u00e9tiquetage des lettres du mot \u00ab\u00a0LUNE\u00a0\u00bb en \u00e9criture capitale.<\/span><\/p><p style=\"text-align: center;\"><strong><span style=\"font-family: Comic Sans MS, cursive; color: #5d00ff;\">Un message individuel a \u00e9t\u00e9 repass\u00e9 par chaque enfant : \u00ab AIDE-MOI A DECROCHER LA LUNE. \u00bb. Ce message a \u00e9t\u00e9 gliss\u00e9 dans la manche (tentacule) correspondant \u00e0 chaque enfant.<\/span><\/strong><\/p><p style=\"text-align: center;\"><span style=\"font-family: Comic Sans MS, cursive; color: #5d00ff;\">Il restait \u00e0 faire repasser par chaque enfant une invitation adress\u00e9e \u00e0 chaque classe de l\u2019\u00e9cole, et \u00e0 chaque personnel de l\u2019\u00e9tablissement afin de leur faire d\u00e9couvrir le message d\u00e9livr\u00e9 par un tentacule. <\/span><\/p><\/div>\n\t\t\t\t<\/div>\n\t\t\t\t<\/div>\n\t\t\t\t\t\t<\/div>\n\t\t\t<\/div>\n\t\t<\/div>\n\t\t\t\t\t\t<\/div>\n\t\t\t<\/div>\n\t\t<\/section>\n\t\t\t\t<section class=\"elementor-element elementor-element-456fa84 elementor-section-boxed elementor-section-height-default elementor-section-height-default elementor-section elementor-top-section\" data-id=\"456fa84\" data-element_type=\"section\">\n\t\t\t\t\t\t<div class=\"elementor-container elementor-column-gap-default\">\n\t\t\t\t<div class=\"elementor-row\">\n\t\t\t\t<div class=\"elementor-element elementor-element-5742b88 elementor-column elementor-col-50 elementor-top-column\" data-id=\"5742b88\" data-element_type=\"column\">\n\t\t\t<div class=\"elementor-column-wrap  elementor-element-populated\">\n\t\t\t\t\t<div class=\"elementor-widget-wrap\">\n\t\t\t\t<div class=\"elementor-element elementor-element-b0abbb9 elementor-arrows-position-inside elementor-widget elementor-widget-image-carousel\" data-id=\"b0abbb9\" data-element_type=\"widget\" data-settings=\"{&quot;slides_to_show&quot;:&quot;1&quot;,&quot;navigation&quot;:&quot;arrows&quot;,&quot;pause_on_hover&quot;:&quot;yes&quot;,&quot;autoplay&quot;:&quot;yes&quot;,&quot;autoplay_speed&quot;:5000,&quot;infinite&quot;:&quot;yes&quot;,&quot;effect&quot;:&quot;slide&quot;,&quot;speed&quot;:500,&quot;direction&quot;:&quot;ltr&quot;}\" data-widget_type=\"image-carousel.default\">\n\t\t\t\t<div class=\"elementor-widget-container\">\n\t\t\t\t\t<div class=\"elementor-image-carousel-wrapper swiper-container\" dir=\"ltr\">\n\t\t\t<div class=\"elementor-image-carousel swiper-wrapper\">\n\t\t\t\t<div class=\"swiper-slide\"><a href=\"https:\/\/www.saint-joseph-tartas.com\/wp-content\/uploads\/2023\/11\/20230922_155726-scaled.jpg\" data-elementor-open-lightbox=\"default\" data-elementor-lightbox-slideshow=\"b0abbb9\" data-elementor-lightbox-index=\"0\"><figure class=\"swiper-slide-inner\"><img decoding=\"async\" class=\"swiper-slide-image\" src=\"https:\/\/www.saint-joseph-tartas.com\/wp-content\/uploads\/2023\/11\/20230922_155726-768x346.jpg\" alt=\"20230922_155726\" \/><\/figure><\/a><\/div><div class=\"swiper-slide\"><a href=\"https:\/\/www.saint-joseph-tartas.com\/wp-content\/uploads\/2023\/11\/La-pieuvre-2-septembre-2023-scaled.jpg\" data-elementor-open-lightbox=\"default\" data-elementor-lightbox-slideshow=\"b0abbb9\" data-elementor-lightbox-index=\"1\"><figure class=\"swiper-slide-inner\"><img decoding=\"async\" class=\"swiper-slide-image\" src=\"https:\/\/www.saint-joseph-tartas.com\/wp-content\/uploads\/2023\/11\/La-pieuvre-2-septembre-2023-768x346.jpg\" alt=\"La pieuvre 2 septembre 2023\" \/><\/figure><\/a><\/div><div class=\"swiper-slide\"><a href=\"https:\/\/www.saint-joseph-tartas.com\/wp-content\/uploads\/2023\/11\/pieuvre-a-scaled.jpg\" data-elementor-open-lightbox=\"default\" data-elementor-lightbox-slideshow=\"b0abbb9\" data-elementor-lightbox-index=\"2\"><figure class=\"swiper-slide-inner\"><img decoding=\"async\" class=\"swiper-slide-image\" src=\"https:\/\/www.saint-joseph-tartas.com\/wp-content\/uploads\/2023\/11\/pieuvre-a-768x408.jpg\" alt=\"pieuvre a\" \/><\/figure><\/a><\/div><div class=\"swiper-slide\"><a href=\"https:\/\/www.saint-joseph-tartas.com\/wp-content\/uploads\/2023\/11\/20231003_144101-scaled.jpg\" data-elementor-open-lightbox=\"default\" data-elementor-lightbox-slideshow=\"b0abbb9\" data-elementor-lightbox-index=\"3\"><figure class=\"swiper-slide-inner\"><img decoding=\"async\" class=\"swiper-slide-image\" src=\"https:\/\/www.saint-joseph-tartas.com\/wp-content\/uploads\/2023\/11\/20231003_144101-768x346.jpg\" alt=\"20231003_144101\" \/><\/figure><\/a><\/div>\t\t\t<\/div>\n\t\t\t\t\t\t\t\t\t\t\t\t\t\t\t\t<div class=\"elementor-swiper-button elementor-swiper-button-prev\">\n\t\t\t\t\t\t<i class=\"eicon-chevron-left\" aria-hidden=\"true\"><\/i>\n\t\t\t\t\t\t<span class=\"elementor-screen-only\">Pr\u00e9c\u00e9dent<\/span>\n\t\t\t\t\t<\/div>\n\t\t\t\t\t<div class=\"elementor-swiper-button elementor-swiper-button-next\">\n\t\t\t\t\t\t<i class=\"eicon-chevron-right\" aria-hidden=\"true\"><\/i>\n\t\t\t\t\t\t<span class=\"elementor-screen-only\">Suivant<\/span>\n\t\t\t\t\t<\/div>\n\t\t\t\t\t\t\t\t\t<\/div>\n\t\t\t\t<\/div>\n\t\t\t\t<\/div>\n\t\t\t\t\t\t<\/div>\n\t\t\t<\/div>\n\t\t<\/div>\n\t\t\t\t<div class=\"elementor-element elementor-element-5c494d5 elementor-column elementor-col-50 elementor-top-column\" data-id=\"5c494d5\" data-element_type=\"column\">\n\t\t\t<div class=\"elementor-column-wrap  elementor-element-populated\">\n\t\t\t\t\t<div class=\"elementor-widget-wrap\">\n\t\t\t\t<div class=\"elementor-element elementor-element-f408c0b elementor-arrows-position-inside elementor-widget elementor-widget-image-carousel\" data-id=\"f408c0b\" data-element_type=\"widget\" data-settings=\"{&quot;slides_to_show&quot;:&quot;1&quot;,&quot;navigation&quot;:&quot;arrows&quot;,&quot;pause_on_hover&quot;:&quot;yes&quot;,&quot;autoplay&quot;:&quot;yes&quot;,&quot;autoplay_speed&quot;:5000,&quot;infinite&quot;:&quot;yes&quot;,&quot;effect&quot;:&quot;slide&quot;,&quot;speed&quot;:500,&quot;direction&quot;:&quot;ltr&quot;}\" data-widget_type=\"image-carousel.default\">\n\t\t\t\t<div class=\"elementor-widget-container\">\n\t\t\t\t\t<div class=\"elementor-image-carousel-wrapper swiper-container\" dir=\"ltr\">\n\t\t\t<div class=\"elementor-image-carousel swiper-wrapper\">\n\t\t\t\t<div class=\"swiper-slide\"><a href=\"https:\/\/www.saint-joseph-tartas.com\/wp-content\/uploads\/2023\/11\/20231003_144112-scaled.jpg\" data-elementor-open-lightbox=\"default\" data-elementor-lightbox-slideshow=\"f408c0b\" data-elementor-lightbox-index=\"0\"><figure class=\"swiper-slide-inner\"><img decoding=\"async\" class=\"swiper-slide-image\" src=\"https:\/\/www.saint-joseph-tartas.com\/wp-content\/uploads\/2023\/11\/20231003_144112-300x135.jpg\" alt=\"20231003_144112\" \/><\/figure><\/a><\/div><div class=\"swiper-slide\"><a href=\"https:\/\/www.saint-joseph-tartas.com\/wp-content\/uploads\/2023\/11\/pieuvre-2-scaled.jpg\" data-elementor-open-lightbox=\"default\" data-elementor-lightbox-slideshow=\"f408c0b\" data-elementor-lightbox-index=\"1\"><figure class=\"swiper-slide-inner\"><img decoding=\"async\" class=\"swiper-slide-image\" src=\"https:\/\/www.saint-joseph-tartas.com\/wp-content\/uploads\/2023\/11\/pieuvre-2-300x156.jpg\" alt=\"pieuvre 2\" \/><\/figure><\/a><\/div><div class=\"swiper-slide\"><a href=\"https:\/\/www.saint-joseph-tartas.com\/wp-content\/uploads\/2023\/11\/20231003_144303-scaled.jpg\" data-elementor-open-lightbox=\"default\" data-elementor-lightbox-slideshow=\"f408c0b\" data-elementor-lightbox-index=\"2\"><figure class=\"swiper-slide-inner\"><img decoding=\"async\" class=\"swiper-slide-image\" src=\"https:\/\/www.saint-joseph-tartas.com\/wp-content\/uploads\/2023\/11\/20231003_144303-300x135.jpg\" alt=\"20231003_144303\" \/><\/figure><\/a><\/div><div class=\"swiper-slide\"><a href=\"https:\/\/www.saint-joseph-tartas.com\/wp-content\/uploads\/2023\/11\/20231003_144316-scaled.jpg\" data-elementor-open-lightbox=\"default\" data-elementor-lightbox-slideshow=\"f408c0b\" data-elementor-lightbox-index=\"3\"><figure class=\"swiper-slide-inner\"><img decoding=\"async\" class=\"swiper-slide-image\" src=\"https:\/\/www.saint-joseph-tartas.com\/wp-content\/uploads\/2023\/11\/20231003_144316-135x300.jpg\" alt=\"20231003_144316\" \/><\/figure><\/a><\/div><div class=\"swiper-slide\"><a href=\"https:\/\/www.saint-joseph-tartas.com\/wp-content\/uploads\/2023\/11\/20230925_105259-scaled.jpg\" data-elementor-open-lightbox=\"default\" data-elementor-lightbox-slideshow=\"f408c0b\" data-elementor-lightbox-index=\"4\"><figure class=\"swiper-slide-inner\"><img decoding=\"async\" class=\"swiper-slide-image\" src=\"https:\/\/www.saint-joseph-tartas.com\/wp-content\/uploads\/2023\/11\/20230925_105259-300x135.jpg\" alt=\"20230925_105259\" \/><\/figure><\/a><\/div>\t\t\t<\/div>\n\t\t\t\t\t\t\t\t\t\t\t\t\t\t\t\t<div class=\"elementor-swiper-button elementor-swiper-button-prev\">\n\t\t\t\t\t\t<i class=\"eicon-chevron-left\" aria-hidden=\"true\"><\/i>\n\t\t\t\t\t\t<span class=\"elementor-screen-only\">Pr\u00e9c\u00e9dent<\/span>\n\t\t\t\t\t<\/div>\n\t\t\t\t\t<div class=\"elementor-swiper-button elementor-swiper-button-next\">\n\t\t\t\t\t\t<i class=\"eicon-chevron-right\" aria-hidden=\"true\"><\/i>\n\t\t\t\t\t\t<span class=\"elementor-screen-only\">Suivant<\/span>\n\t\t\t\t\t<\/div>\n\t\t\t\t\t\t\t\t\t<\/div>\n\t\t\t\t<\/div>\n\t\t\t\t<\/div>\n\t\t\t\t\t\t<\/div>\n\t\t\t<\/div>\n\t\t<\/div>\n\t\t\t\t\t\t<\/div>\n\t\t\t<\/div>\n\t\t<\/section>\n\t\t\t\t\t\t<\/div>\n\t\t\t<\/div>\n\t\t<\/div>\n\t\t","protected":false},"excerpt":{"rendered":"<p>Au premier trimestre, les enfants de MS\/GS d\u00e9butent l&rsquo;ann\u00e9e avec une animation qui incite au partage et au d\u00e9veloppement de la motivation. Cette ann\u00e9e la classe a r\u00e9alis\u00e9 une pieuvre <a class=\"more-link\" href=\"https:\/\/www.saint-joseph-tartas.com\/?p=7855\">Lire la suite<\/a><\/p>\n","protected":false},"author":3,"featured_media":7856,"comment_status":"closed","ping_status":"closed","sticky":false,"template":"","format":"standard","meta":{"footnotes":""},"categories":[3],"tags":[],"class_list":["post-7855","post","type-post","status-publish","format-standard","has-post-thumbnail","hentry","category-ecole-primaire"],"_links":{"self":[{"href":"https:\/\/www.saint-joseph-tartas.com\/index.php?rest_route=\/wp\/v2\/posts\/7855","targetHints":{"allow":["GET"]}}],"collection":[{"href":"https:\/\/www.saint-joseph-tartas.com\/index.php?rest_route=\/wp\/v2\/posts"}],"about":[{"href":"https:\/\/www.saint-joseph-tartas.com\/index.php?rest_route=\/wp\/v2\/types\/post"}],"author":[{"embeddable":true,"href":"https:\/\/www.saint-joseph-tartas.com\/index.php?rest_route=\/wp\/v2\/users\/3"}],"replies":[{"embeddable":true,"href":"https:\/\/www.saint-joseph-tartas.com\/index.php?rest_route=%2Fwp%2Fv2%2Fcomments&post=7855"}],"version-history":[{"count":4,"href":"https:\/\/www.saint-joseph-tartas.com\/index.php?rest_route=\/wp\/v2\/posts\/7855\/revisions"}],"predecessor-version":[{"id":7921,"href":"https:\/\/www.saint-joseph-tartas.com\/index.php?rest_route=\/wp\/v2\/posts\/7855\/revisions\/7921"}],"wp:featuredmedia":[{"embeddable":true,"href":"https:\/\/www.saint-joseph-tartas.com\/index.php?rest_route=\/wp\/v2\/media\/7856"}],"wp:attachment":[{"href":"https:\/\/www.saint-joseph-tartas.com\/index.php?rest_route=%2Fwp%2Fv2%2Fmedia&parent=7855"}],"wp:term":[{"taxonomy":"category","embeddable":true,"href":"https:\/\/www.saint-joseph-tartas.com\/index.php?rest_route=%2Fwp%2Fv2%2Fcategories&post=7855"},{"taxonomy":"post_tag","embeddable":true,"href":"https:\/\/www.saint-joseph-tartas.com\/index.php?rest_route=%2Fwp%2Fv2%2Ftags&post=7855"}],"curies":[{"name":"wp","href":"https:\/\/api.w.org\/{rel}","templated":true}]}}