{"id":8500,"date":"2024-04-21T16:51:55","date_gmt":"2024-04-21T14:51:55","guid":{"rendered":"https:\/\/www.saint-joseph-tartas.com\/?p=8500"},"modified":"2024-06-23T21:53:28","modified_gmt":"2024-06-23T19:53:28","slug":"exposition-des-eco-delegues-sur-leau","status":"publish","type":"post","link":"https:\/\/www.saint-joseph-tartas.com\/?p=8500","title":{"rendered":"Exposition des \u00e9co d\u00e9l\u00e9gu\u00e9s sur l&rsquo;eau"},"content":{"rendered":"\t\t<div data-elementor-type=\"wp-post\" data-elementor-id=\"8500\" class=\"elementor elementor-8500\" data-elementor-settings=\"[]\">\n\t\t\t<div class=\"elementor-inner\">\n\t\t\t\t<div class=\"elementor-section-wrap\">\n\t\t\t\t\t\t\t<section class=\"elementor-element elementor-element-185d113 elementor-section-boxed elementor-section-height-default elementor-section-height-default elementor-section elementor-top-section\" data-id=\"185d113\" data-element_type=\"section\">\n\t\t\t\t\t\t<div class=\"elementor-container elementor-column-gap-default\">\n\t\t\t\t<div class=\"elementor-row\">\n\t\t\t\t<div class=\"elementor-element elementor-element-86bfab2 elementor-column elementor-col-100 elementor-top-column\" data-id=\"86bfab2\" data-element_type=\"column\">\n\t\t\t<div class=\"elementor-column-wrap  elementor-element-populated\">\n\t\t\t\t\t<div class=\"elementor-widget-wrap\">\n\t\t\t\t<div class=\"elementor-element elementor-element-22a0310 elementor-widget elementor-widget-text-editor\" data-id=\"22a0310\" data-element_type=\"widget\" data-widget_type=\"text-editor.default\">\n\t\t\t\t<div class=\"elementor-widget-container\">\n\t\t\t\t\t<div class=\"elementor-text-editor elementor-clearfix\"><p><span style=\"color: #0c348a;\">Jeudi 11 avril, les \u00e9l\u00e8ves du coll\u00e8ge se sont rendus au CDI pour visiter l&rsquo;<strong>exposition sur l&rsquo;eau r\u00e9alis\u00e9e par les \u00e9co d\u00e9l\u00e9gu\u00e9s.<\/strong> Cela fait plusieurs semaines, que ces derniers travaillaient sur l&rsquo;<strong>\u00e9laboration de cette exposition reprenant les travaux de leurs camarades de diff\u00e9rents niveaux.\u00a0<\/strong><\/span><\/p><p><span style=\"color: #0c348a;\"><strong>Les 6\u00e8mes ont travaill\u00e9 sur l&rsquo;impact de la pollution sur les oc\u00e9ans<\/strong> dans le cadre de l&rsquo;\u00e9co citoyennet\u00e9, <strong>les 5\u00e8mes sur l&rsquo;eau virtuelle et nos habitudes de consommation.<\/strong> Ensuite,<strong> la fresque oc\u00e9ane avait \u00e9t\u00e9 commenc\u00e9e par les 4\u00e8mes, qui ont \u00e9galement \u00e9labor\u00e9 2 \u0153uvres \u00e0 partir de plastiques ramass\u00e9s sur les plages<\/strong>. Enfin, <strong>les \u00e9l\u00e8ves de 3\u00e8mes ont travaill\u00e9 sur l&rsquo;impact de la consommation de viande sur la sant\u00e9,<\/strong> <strong>le r\u00e9chauffement climatique et les ressources en eau gr\u00e2ce au projet \u00ab\u00a0meatless monday\u00a0\u00bb<\/strong>. Une belle implication de tous dans ces diff\u00e9rents projets du th\u00e8me annuel de l<strong>&lsquo;\u00e9co-coll\u00e8ge.<\/strong><\/span><\/p><\/div>\n\t\t\t\t<\/div>\n\t\t\t\t<\/div>\n\t\t\t\t\t\t<\/div>\n\t\t\t<\/div>\n\t\t<\/div>\n\t\t\t\t\t\t<\/div>\n\t\t\t<\/div>\n\t\t<\/section>\n\t\t\t\t<section class=\"elementor-element elementor-element-dc707db elementor-section-boxed elementor-section-height-default elementor-section-height-default elementor-section elementor-top-section\" data-id=\"dc707db\" data-element_type=\"section\">\n\t\t\t\t\t\t<div class=\"elementor-container elementor-column-gap-default\">\n\t\t\t\t<div class=\"elementor-row\">\n\t\t\t\t<div class=\"elementor-element elementor-element-1a9cfd0 elementor-column elementor-col-100 elementor-top-column\" data-id=\"1a9cfd0\" data-element_type=\"column\">\n\t\t\t<div class=\"elementor-column-wrap  elementor-element-populated\">\n\t\t\t\t\t<div class=\"elementor-widget-wrap\">\n\t\t\t\t<div class=\"elementor-element elementor-element-48f54ac elementor-arrows-position-inside elementor-widget elementor-widget-image-carousel\" data-id=\"48f54ac\" data-element_type=\"widget\" data-settings=\"{&quot;slides_to_show&quot;:&quot;1&quot;,&quot;navigation&quot;:&quot;arrows&quot;,&quot;pause_on_hover&quot;:&quot;yes&quot;,&quot;autoplay&quot;:&quot;yes&quot;,&quot;autoplay_speed&quot;:5000,&quot;infinite&quot;:&quot;yes&quot;,&quot;effect&quot;:&quot;slide&quot;,&quot;speed&quot;:500,&quot;direction&quot;:&quot;ltr&quot;}\" data-widget_type=\"image-carousel.default\">\n\t\t\t\t<div class=\"elementor-widget-container\">\n\t\t\t\t\t<div class=\"elementor-image-carousel-wrapper swiper-container\" dir=\"ltr\">\n\t\t\t<div class=\"elementor-image-carousel swiper-wrapper\">\n\t\t\t\t<div class=\"swiper-slide\"><a href=\"https:\/\/www.saint-joseph-tartas.com\/wp-content\/uploads\/2024\/04\/IMG-20240412-WA0003.jpg\" data-elementor-open-lightbox=\"default\" data-elementor-lightbox-slideshow=\"48f54ac\" data-elementor-lightbox-index=\"0\"><figure class=\"swiper-slide-inner\"><img decoding=\"async\" class=\"swiper-slide-image\" src=\"https:\/\/www.saint-joseph-tartas.com\/wp-content\/uploads\/2024\/04\/IMG-20240412-WA0003-768x578.jpg\" alt=\"IMG-20240412-WA0003\" \/><\/figure><\/a><\/div><div class=\"swiper-slide\"><a href=\"https:\/\/www.saint-joseph-tartas.com\/wp-content\/uploads\/2024\/04\/IMG-20240412-WA0009.jpg\" data-elementor-open-lightbox=\"default\" data-elementor-lightbox-slideshow=\"48f54ac\" data-elementor-lightbox-index=\"1\"><figure class=\"swiper-slide-inner\"><img decoding=\"async\" class=\"swiper-slide-image\" src=\"https:\/\/www.saint-joseph-tartas.com\/wp-content\/uploads\/2024\/04\/IMG-20240412-WA0009-768x1021.jpg\" alt=\"IMG-20240412-WA0009\" \/><\/figure><\/a><\/div><div class=\"swiper-slide\"><a href=\"https:\/\/www.saint-joseph-tartas.com\/wp-content\/uploads\/2024\/04\/IMG-20240412-WA0012.jpg\" data-elementor-open-lightbox=\"default\" data-elementor-lightbox-slideshow=\"48f54ac\" data-elementor-lightbox-index=\"2\"><figure class=\"swiper-slide-inner\"><img decoding=\"async\" class=\"swiper-slide-image\" src=\"https:\/\/www.saint-joseph-tartas.com\/wp-content\/uploads\/2024\/04\/IMG-20240412-WA0012-768x1021.jpg\" alt=\"IMG-20240412-WA0012\" \/><\/figure><\/a><\/div><div class=\"swiper-slide\"><a href=\"https:\/\/www.saint-joseph-tartas.com\/wp-content\/uploads\/2024\/04\/IMG-20240412-WA0011.jpg\" data-elementor-open-lightbox=\"default\" data-elementor-lightbox-slideshow=\"48f54ac\" data-elementor-lightbox-index=\"3\"><figure class=\"swiper-slide-inner\"><img decoding=\"async\" class=\"swiper-slide-image\" src=\"https:\/\/www.saint-joseph-tartas.com\/wp-content\/uploads\/2024\/04\/IMG-20240412-WA0011-768x1021.jpg\" alt=\"IMG-20240412-WA0011\" \/><\/figure><\/a><\/div><div class=\"swiper-slide\"><a href=\"https:\/\/www.saint-joseph-tartas.com\/wp-content\/uploads\/2024\/04\/IMG-20240412-WA0010.jpg\" data-elementor-open-lightbox=\"default\" data-elementor-lightbox-slideshow=\"48f54ac\" data-elementor-lightbox-index=\"4\"><figure class=\"swiper-slide-inner\"><img decoding=\"async\" class=\"swiper-slide-image\" src=\"https:\/\/www.saint-joseph-tartas.com\/wp-content\/uploads\/2024\/04\/IMG-20240412-WA0010-768x1021.jpg\" alt=\"IMG-20240412-WA0010\" \/><\/figure><\/a><\/div><div class=\"swiper-slide\"><a href=\"https:\/\/www.saint-joseph-tartas.com\/wp-content\/uploads\/2024\/04\/IMG-20240412-WA0008.jpg\" data-elementor-open-lightbox=\"default\" data-elementor-lightbox-slideshow=\"48f54ac\" data-elementor-lightbox-index=\"5\"><figure class=\"swiper-slide-inner\"><img decoding=\"async\" class=\"swiper-slide-image\" src=\"https:\/\/www.saint-joseph-tartas.com\/wp-content\/uploads\/2024\/04\/IMG-20240412-WA0008-768x1021.jpg\" alt=\"IMG-20240412-WA0008\" \/><\/figure><\/a><\/div><div class=\"swiper-slide\"><a href=\"https:\/\/www.saint-joseph-tartas.com\/wp-content\/uploads\/2024\/04\/IMG-20240412-WA0001.jpg\" data-elementor-open-lightbox=\"default\" data-elementor-lightbox-slideshow=\"48f54ac\" data-elementor-lightbox-index=\"6\"><figure class=\"swiper-slide-inner\"><img decoding=\"async\" class=\"swiper-slide-image\" src=\"https:\/\/www.saint-joseph-tartas.com\/wp-content\/uploads\/2024\/04\/IMG-20240412-WA0001-768x578.jpg\" alt=\"IMG-20240412-WA0001\" \/><\/figure><\/a><\/div><div class=\"swiper-slide\"><a href=\"https:\/\/www.saint-joseph-tartas.com\/wp-content\/uploads\/2024\/04\/IMG-20240412-WA0005.jpg\" data-elementor-open-lightbox=\"default\" data-elementor-lightbox-slideshow=\"48f54ac\" data-elementor-lightbox-index=\"7\"><figure class=\"swiper-slide-inner\"><img decoding=\"async\" class=\"swiper-slide-image\" src=\"https:\/\/www.saint-joseph-tartas.com\/wp-content\/uploads\/2024\/04\/IMG-20240412-WA0005-768x578.jpg\" alt=\"IMG-20240412-WA0005\" \/><\/figure><\/a><\/div><div class=\"swiper-slide\"><a href=\"https:\/\/www.saint-joseph-tartas.com\/wp-content\/uploads\/2024\/04\/IMG-20240412-WA0004.jpg\" data-elementor-open-lightbox=\"default\" data-elementor-lightbox-slideshow=\"48f54ac\" data-elementor-lightbox-index=\"8\"><figure class=\"swiper-slide-inner\"><img decoding=\"async\" class=\"swiper-slide-image\" src=\"https:\/\/www.saint-joseph-tartas.com\/wp-content\/uploads\/2024\/04\/IMG-20240412-WA0004-768x578.jpg\" alt=\"IMG-20240412-WA0004\" \/><\/figure><\/a><\/div>\t\t\t<\/div>\n\t\t\t\t\t\t\t\t\t\t\t\t\t\t\t\t<div class=\"elementor-swiper-button elementor-swiper-button-prev\">\n\t\t\t\t\t\t<i class=\"eicon-chevron-left\" aria-hidden=\"true\"><\/i>\n\t\t\t\t\t\t<span class=\"elementor-screen-only\">Pr\u00e9c\u00e9dent<\/span>\n\t\t\t\t\t<\/div>\n\t\t\t\t\t<div class=\"elementor-swiper-button elementor-swiper-button-next\">\n\t\t\t\t\t\t<i class=\"eicon-chevron-right\" aria-hidden=\"true\"><\/i>\n\t\t\t\t\t\t<span class=\"elementor-screen-only\">Suivant<\/span>\n\t\t\t\t\t<\/div>\n\t\t\t\t\t\t\t\t\t<\/div>\n\t\t\t\t<\/div>\n\t\t\t\t<\/div>\n\t\t\t\t\t\t<\/div>\n\t\t\t<\/div>\n\t\t<\/div>\n\t\t\t\t\t\t<\/div>\n\t\t\t<\/div>\n\t\t<\/section>\n\t\t\t\t\t\t<\/div>\n\t\t\t<\/div>\n\t\t<\/div>\n\t\t","protected":false},"excerpt":{"rendered":"<p>Jeudi 11 avril, les \u00e9l\u00e8ves du coll\u00e8ge se sont rendus au CDI pour visiter l&rsquo;exposition sur l&rsquo;eau r\u00e9alis\u00e9e par les \u00e9co d\u00e9l\u00e9gu\u00e9s. Cela fait plusieurs semaines, que ces derniers travaillaient <a class=\"more-link\" href=\"https:\/\/www.saint-joseph-tartas.com\/?p=8500\">Lire la suite<\/a><\/p>\n","protected":false},"author":3,"featured_media":8498,"comment_status":"closed","ping_status":"closed","sticky":false,"template":"","format":"standard","meta":{"footnotes":""},"categories":[9],"tags":[],"class_list":["post-8500","post","type-post","status-publish","format-standard","has-post-thumbnail","hentry","category-eco-college"],"_links":{"self":[{"href":"https:\/\/www.saint-joseph-tartas.com\/index.php?rest_route=\/wp\/v2\/posts\/8500","targetHints":{"allow":["GET"]}}],"collection":[{"href":"https:\/\/www.saint-joseph-tartas.com\/index.php?rest_route=\/wp\/v2\/posts"}],"about":[{"href":"https:\/\/www.saint-joseph-tartas.com\/index.php?rest_route=\/wp\/v2\/types\/post"}],"author":[{"embeddable":true,"href":"https:\/\/www.saint-joseph-tartas.com\/index.php?rest_route=\/wp\/v2\/users\/3"}],"replies":[{"embeddable":true,"href":"https:\/\/www.saint-joseph-tartas.com\/index.php?rest_route=%2Fwp%2Fv2%2Fcomments&post=8500"}],"version-history":[{"count":4,"href":"https:\/\/www.saint-joseph-tartas.com\/index.php?rest_route=\/wp\/v2\/posts\/8500\/revisions"}],"predecessor-version":[{"id":8678,"href":"https:\/\/www.saint-joseph-tartas.com\/index.php?rest_route=\/wp\/v2\/posts\/8500\/revisions\/8678"}],"wp:featuredmedia":[{"embeddable":true,"href":"https:\/\/www.saint-joseph-tartas.com\/index.php?rest_route=\/wp\/v2\/media\/8498"}],"wp:attachment":[{"href":"https:\/\/www.saint-joseph-tartas.com\/index.php?rest_route=%2Fwp%2Fv2%2Fmedia&parent=8500"}],"wp:term":[{"taxonomy":"category","embeddable":true,"href":"https:\/\/www.saint-joseph-tartas.com\/index.php?rest_route=%2Fwp%2Fv2%2Fcategories&post=8500"},{"taxonomy":"post_tag","embeddable":true,"href":"https:\/\/www.saint-joseph-tartas.com\/index.php?rest_route=%2Fwp%2Fv2%2Ftags&post=8500"}],"curies":[{"name":"wp","href":"https:\/\/api.w.org\/{rel}","templated":true}]}}